{"id":7873,"date":"2023-03-29T12:38:30","date_gmt":"2023-03-29T12:38:30","guid":{"rendered":"http:\/\/www.spak.art.pl\/?p=7873"},"modified":"2023-03-30T10:53:29","modified_gmt":"2023-03-30T10:53:29","slug":"kuczynski-wygral-konkurs-na-rysunek-prasowy-im-aleksandra-wolosa","status":"publish","type":"post","link":"http:\/\/www.spak.art.pl\/?p=7873","title":{"rendered":"Kuczy\u0144ski wygra\u0142 Konkurs na Rysunek Prasowy im. Aleksandra Wo\u0142osa"},"content":{"rendered":"\n<p>Kapitu\u0142a V Og\u00f3lnopolskiego Konkursu na Rysunek Prasowy im. Aleksandra Wo\u0142osa (2023)<\/p>\n\n\n\n<p>w sk\u0142adzie:<\/p>\n\n\n\n<p><strong>Pawe\u0142 P\u0142oski <\/strong>\u2013 Dyrektor Muzeum Karykatury im. Eryka Lipi\u0144skiego \u2013 <strong>przewodnicz\u0105c<\/strong><strong>y jury<\/strong>,<\/p>\n\n\n\n<p><strong>Artur Galicki<\/strong> \u2013 Stowarzyszenie Polskich Artyst\u00f3w Karykatury \u2013 <strong>cz\u0142onek jury<\/strong>,<\/p>\n\n\n\n<p><strong>Ma\u0142gorzata Gny\u015b<\/strong> \u2013 Stowarzyszenie Polskich Artyst\u00f3w Karykatury \u2013 <strong>cz\u0142onek jury<\/strong>,<\/p>\n\n\n\n<p><strong>Paulina Kopesty\u0144ska<\/strong> \u2013 Stowarzyszenie Polskich Artyst\u00f3w Karykatury \u2013 <strong>cz\u0142onek jury<\/strong>,<\/p>\n\n\n\n<p><strong>Dariusz Pietrzak<\/strong> \u2013 Stowarzyszenie Polskich Artyst\u00f3w Karykatury \u2013 <strong>cz\u0142onek jury<\/strong>,<\/p>\n\n\n\n<p><strong>Lucjan Wo\u0142os<\/strong> \u2013 <strong>cz\u0142onek jury<\/strong>,<\/p>\n\n\n\n<p><strong>Zbigniew Piszczako<\/strong> \u2013 Warmi\u0144sko-Mazurski Oddzia\u0142 Stowarzyszenia Dziennikarzy Polskich, Stowarzyszenie Polskich Artyst\u00f3w Karykatury &#8211; <strong>sekretarz jury<\/strong>,<\/p>\n\n\n\n<p>Na konkurs nap\u0142yn\u0119\u0142o 267 prac 58 autor\u00f3w.<\/p>\n\n\n\n<p>Jury na posiedzeniach zdalnych, na platformie ZOOM, w dniu 17 marca 2023 r. po obejrzeniu 241 prac spe\u0142niaj\u0105cych warunki konkursu przyzna\u0142a:<\/p>\n\n\n\n<p><strong>Nagrod\u0119 <\/strong><strong>G\u0142\u00f3wn\u0105 im. Aleksandra Wo\u0142osa <\/strong>dla<strong> <\/strong><strong>Paw\u0142a Kuczy\u0144skieo<\/strong> za prac\u0119 <em>Putin (Wprost),<\/em><\/p>\n\n\n\n<p><em>dodatkowo laureat Nagrody G\u0142\u00f3wnej otrzymuje mo\u017cliwo\u015b\u0107 zorganizowania wystawy indywidualnej w Galerii Us\u0142uga Jazz Bar w Olsztynie.<\/em><\/p>\n\n\n\n<p>oraz <strong>Nagrody Honorowe<\/strong> dla:<\/p>\n\n\n\n<p><strong>Marcina Bondarowicza<\/strong> za prac\u0119 <em>Rachunek za ruiny i \u015bmier\u0107 (Polityka)<\/em>,<\/p>\n\n\n\n<p><strong>Henryka Cebuli<\/strong> za prac\u0119 <em>bez tytu\u0142u (Nie)<\/em>,<\/p>\n\n\n\n<p><strong>Andrzeja Czyczy\u0142o<\/strong> za prac\u0119 K<em>r\u0105\u017cownik Moskwa (Facebook ACZ)<\/em>,<\/p>\n\n\n\n<p><strong>Remka D\u0105browskiego<\/strong> za prac\u0119 <em>Znowu ponie\u015bli\u015bmy sukces (remekdabrowski.pl)<\/em>,<\/p>\n\n\n\n<p><strong>Miros\u0142awa Hajnosa<\/strong> za prac\u0119 <em>Dzie\u0144 Kobiet 2022<\/em><em> (Tygodnik Ciechanowski)<\/em>,<\/p>\n\n\n\n<p><strong>Lecha Kotwicza <\/strong>za prac\u0119 <em>Dzie\u0144 Ojca (Kronika Beskidzka)<\/em>,<strong><\/strong><\/p>\n\n\n\n<p><strong>Tomasza Niewiadomskiego <\/strong>za prac\u0119 <em>Tasiemiec uzbrojony (Facebook TN)<\/em>,<\/p>\n\n\n\n<p><strong>Miros\u0142awa Stankiewicza <\/strong>za prac\u0119 Telefon<em> (Angora)<\/em>,<\/p>\n\n\n\n<p><strong>Tomasza Wo\u0142oszyna <\/strong>za prac\u0119 P<em>ogotowie energetyczne (Facebook TW)<\/em>,<\/p>\n\n\n\n<p>W protokole uj\u0119to nagrody pozaregulaminowe, kt\u00f3re otrzymali:<\/p>\n\n\n\n<p><strong>Dariusz \u0141ab\u0119dzki \u2013 <\/strong><strong>Nagroda Specjalna ufundowana przez Lucjana Wo\u0142osa<\/strong> za prac\u0119 <em>Miko\u0142aj Kopernik <\/em>(Facebook D\u0141),<\/p>\n\n\n\n<p><strong>Rafa\u0142 Skwierawski &#8211; Nagrod<\/strong><strong>a Muzeum Karykatury<\/strong><strong> im. Eryka Lipi\u0144skiego<\/strong><em> <\/em>za prac\u0119 <em>G\u0142o\u015bnik<\/em><em>(Wprost)<\/em><\/p>\n\n\n\n<p><strong>Krzysztof Grzondziel <\/strong><strong>&#8211; Nagrod<\/strong><strong>a Stowarzyszenia Polskich Artyst\u00f3w Karykatury <\/strong>za prac\u0119 <em>Wojna nadal trwa<\/em><strong> <\/strong>(Facebook KG),<\/p>\n\n\n\n<p><strong>S\u0142awomir Makal &#8211; Nagrod<\/strong><strong>a <\/strong><strong>Wojew\u00f3dzkiej Biblioteki Publicznej w Olsztynie <\/strong>za prac\u0119 <em>bez tytu\u0142u <\/em>(<em>Forum Akademickie),<\/em><\/p>\n\n\n\n<p><strong>Ireneusz Szuniewicz \u2013 Nagroda Wydawnictwa Edytor Wers<\/strong> z Olszyna za prac\u0119 <em>Pojedynek<\/em><strong> <\/strong>(Polityka).<\/p>\n\n\n\n<figure class=\"wp-block-image size-full\"><a href=\"http:\/\/www.spak.art.pl\/wp-content\/uploads\/2023\/03\/mkuczynski-pawel_23_putin.jpg\"><img loading=\"lazy\" decoding=\"async\" width=\"741\" height=\"1000\" src=\"http:\/\/www.spak.art.pl\/wp-content\/uploads\/2023\/03\/mkuczynski-pawel_23_putin.jpg\" alt=\"\" class=\"wp-image-7874\" srcset=\"http:\/\/www.spak.art.pl\/wp-content\/uploads\/2023\/03\/mkuczynski-pawel_23_putin.jpg 741w, http:\/\/www.spak.art.pl\/wp-content\/uploads\/2023\/03\/mkuczynski-pawel_23_putin-222x300.jpg 222w, http:\/\/www.spak.art.pl\/wp-content\/uploads\/2023\/03\/mkuczynski-pawel_23_putin-296x400.jpg 296w\" sizes=\"auto, (max-width: 741px) 100vw, 741px\" \/><\/a><\/figure>\n\n\n\n<figure class=\"wp-block-image size-full\"><a href=\"http:\/\/www.spak.art.pl\/wp-content\/uploads\/2023\/03\/mbondarowicz-marcin_23-rachunek-za-ruiny-i-smierc-1.jpg\"><img loading=\"lazy\" decoding=\"async\" width=\"1000\" height=\"741\" src=\"http:\/\/www.spak.art.pl\/wp-content\/uploads\/2023\/03\/mbondarowicz-marcin_23-rachunek-za-ruiny-i-smierc-1.jpg\" alt=\"\" class=\"wp-image-7875\" srcset=\"http:\/\/www.spak.art.pl\/wp-content\/uploads\/2023\/03\/mbondarowicz-marcin_23-rachunek-za-ruiny-i-smierc-1.jpg 1000w, http:\/\/www.spak.art.pl\/wp-content\/uploads\/2023\/03\/mbondarowicz-marcin_23-rachunek-za-ruiny-i-smierc-1-300x222.jpg 300w, http:\/\/www.spak.art.pl\/wp-content\/uploads\/2023\/03\/mbondarowicz-marcin_23-rachunek-za-ruiny-i-smierc-1-768x569.jpg 768w, http:\/\/www.spak.art.pl\/wp-content\/uploads\/2023\/03\/mbondarowicz-marcin_23-rachunek-za-ruiny-i-smierc-1-540x400.jpg 540w, http:\/\/www.spak.art.pl\/wp-content\/uploads\/2023\/03\/mbondarowicz-marcin_23-rachunek-za-ruiny-i-smierc-1-970x719.jpg 970w\" sizes=\"auto, (max-width: 1000px) 100vw, 1000px\" \/><\/a><\/figure>\n\n\n\n<figure class=\"wp-block-image size-full\"><a href=\"http:\/\/www.spak.art.pl\/wp-content\/uploads\/2023\/03\/mcebula-henryk_23_3-1.jpg\"><img loading=\"lazy\" decoding=\"async\" width=\"1000\" height=\"745\" src=\"http:\/\/www.spak.art.pl\/wp-content\/uploads\/2023\/03\/mcebula-henryk_23_3-1.jpg\" alt=\"\" class=\"wp-image-7876\" srcset=\"http:\/\/www.spak.art.pl\/wp-content\/uploads\/2023\/03\/mcebula-henryk_23_3-1.jpg 1000w, http:\/\/www.spak.art.pl\/wp-content\/uploads\/2023\/03\/mcebula-henryk_23_3-1-300x224.jpg 300w, http:\/\/www.spak.art.pl\/wp-content\/uploads\/2023\/03\/mcebula-henryk_23_3-1-768x572.jpg 768w, http:\/\/www.spak.art.pl\/wp-content\/uploads\/2023\/03\/mcebula-henryk_23_3-1-537x400.jpg 537w, http:\/\/www.spak.art.pl\/wp-content\/uploads\/2023\/03\/mcebula-henryk_23_3-1-970x723.jpg 970w\" sizes=\"auto, (max-width: 1000px) 100vw, 1000px\" \/><\/a><\/figure>\n\n\n\n<figure class=\"wp-block-image size-full\"><a href=\"http:\/\/www.spak.art.pl\/wp-content\/uploads\/2023\/03\/mczyczylo-andrzej_23_krazownik-moskwa-1.jpg\"><img loading=\"lazy\" decoding=\"async\" width=\"1000\" height=\"741\" src=\"http:\/\/www.spak.art.pl\/wp-content\/uploads\/2023\/03\/mczyczylo-andrzej_23_krazownik-moskwa-1.jpg\" alt=\"\" class=\"wp-image-7877\" srcset=\"http:\/\/www.spak.art.pl\/wp-content\/uploads\/2023\/03\/mczyczylo-andrzej_23_krazownik-moskwa-1.jpg 1000w, http:\/\/www.spak.art.pl\/wp-content\/uploads\/2023\/03\/mczyczylo-andrzej_23_krazownik-moskwa-1-300x222.jpg 300w, http:\/\/www.spak.art.pl\/wp-content\/uploads\/2023\/03\/mczyczylo-andrzej_23_krazownik-moskwa-1-768x569.jpg 768w, http:\/\/www.spak.art.pl\/wp-content\/uploads\/2023\/03\/mczyczylo-andrzej_23_krazownik-moskwa-1-540x400.jpg 540w, http:\/\/www.spak.art.pl\/wp-content\/uploads\/2023\/03\/mczyczylo-andrzej_23_krazownik-moskwa-1-970x719.jpg 970w\" sizes=\"auto, (max-width: 1000px) 100vw, 1000px\" \/><\/a><\/figure>\n\n\n\n<figure class=\"wp-block-image size-full\"><a href=\"http:\/\/www.spak.art.pl\/wp-content\/uploads\/2023\/03\/mdabrowski-remek_23_1-1.jpg\"><img loading=\"lazy\" decoding=\"async\" width=\"1000\" height=\"726\" src=\"http:\/\/www.spak.art.pl\/wp-content\/uploads\/2023\/03\/mdabrowski-remek_23_1-1.jpg\" alt=\"\" class=\"wp-image-7878\" srcset=\"http:\/\/www.spak.art.pl\/wp-content\/uploads\/2023\/03\/mdabrowski-remek_23_1-1.jpg 1000w, http:\/\/www.spak.art.pl\/wp-content\/uploads\/2023\/03\/mdabrowski-remek_23_1-1-300x218.jpg 300w, http:\/\/www.spak.art.pl\/wp-content\/uploads\/2023\/03\/mdabrowski-remek_23_1-1-768x558.jpg 768w, http:\/\/www.spak.art.pl\/wp-content\/uploads\/2023\/03\/mdabrowski-remek_23_1-1-551x400.jpg 551w, http:\/\/www.spak.art.pl\/wp-content\/uploads\/2023\/03\/mdabrowski-remek_23_1-1-970x704.jpg 970w\" sizes=\"auto, (max-width: 1000px) 100vw, 1000px\" \/><\/a><\/figure>\n\n\n\n<figure class=\"wp-block-image size-full\"><a href=\"http:\/\/www.spak.art.pl\/wp-content\/uploads\/2023\/03\/mhajnos-miroslaw_23_tygodnik-ciechanowski-10-1.jpg\"><img loading=\"lazy\" decoding=\"async\" width=\"711\" height=\"1000\" src=\"http:\/\/www.spak.art.pl\/wp-content\/uploads\/2023\/03\/mhajnos-miroslaw_23_tygodnik-ciechanowski-10-1.jpg\" alt=\"\" class=\"wp-image-7879\" srcset=\"http:\/\/www.spak.art.pl\/wp-content\/uploads\/2023\/03\/mhajnos-miroslaw_23_tygodnik-ciechanowski-10-1.jpg 711w, http:\/\/www.spak.art.pl\/wp-content\/uploads\/2023\/03\/mhajnos-miroslaw_23_tygodnik-ciechanowski-10-1-213x300.jpg 213w, http:\/\/www.spak.art.pl\/wp-content\/uploads\/2023\/03\/mhajnos-miroslaw_23_tygodnik-ciechanowski-10-1-284x400.jpg 284w\" sizes=\"auto, (max-width: 711px) 100vw, 711px\" \/><\/a><\/figure>\n\n\n\n<figure class=\"wp-block-image size-full\"><a href=\"http:\/\/www.spak.art.pl\/wp-content\/uploads\/2023\/03\/mkotwiczlech_23_dzien-ojca-1.jpg\"><img loading=\"lazy\" decoding=\"async\" width=\"1000\" height=\"667\" src=\"http:\/\/www.spak.art.pl\/wp-content\/uploads\/2023\/03\/mkotwiczlech_23_dzien-ojca-1.jpg\" alt=\"\" class=\"wp-image-7880\" srcset=\"http:\/\/www.spak.art.pl\/wp-content\/uploads\/2023\/03\/mkotwiczlech_23_dzien-ojca-1.jpg 1000w, http:\/\/www.spak.art.pl\/wp-content\/uploads\/2023\/03\/mkotwiczlech_23_dzien-ojca-1-300x200.jpg 300w, http:\/\/www.spak.art.pl\/wp-content\/uploads\/2023\/03\/mkotwiczlech_23_dzien-ojca-1-768x512.jpg 768w, http:\/\/www.spak.art.pl\/wp-content\/uploads\/2023\/03\/mkotwiczlech_23_dzien-ojca-1-600x400.jpg 600w, http:\/\/www.spak.art.pl\/wp-content\/uploads\/2023\/03\/mkotwiczlech_23_dzien-ojca-1-970x647.jpg 970w\" sizes=\"auto, (max-width: 1000px) 100vw, 1000px\" \/><\/a><\/figure>\n\n\n\n<figure class=\"wp-block-image size-full\"><a href=\"http:\/\/www.spak.art.pl\/wp-content\/uploads\/2023\/03\/mniewiadomski-tomasz_23-tasiemiec-putin-2022-1.jpg\"><img loading=\"lazy\" decoding=\"async\" width=\"1000\" height=\"707\" src=\"http:\/\/www.spak.art.pl\/wp-content\/uploads\/2023\/03\/mniewiadomski-tomasz_23-tasiemiec-putin-2022-1.jpg\" alt=\"\" class=\"wp-image-7881\" srcset=\"http:\/\/www.spak.art.pl\/wp-content\/uploads\/2023\/03\/mniewiadomski-tomasz_23-tasiemiec-putin-2022-1.jpg 1000w, http:\/\/www.spak.art.pl\/wp-content\/uploads\/2023\/03\/mniewiadomski-tomasz_23-tasiemiec-putin-2022-1-300x212.jpg 300w, http:\/\/www.spak.art.pl\/wp-content\/uploads\/2023\/03\/mniewiadomski-tomasz_23-tasiemiec-putin-2022-1-768x543.jpg 768w, http:\/\/www.spak.art.pl\/wp-content\/uploads\/2023\/03\/mniewiadomski-tomasz_23-tasiemiec-putin-2022-1-566x400.jpg 566w, http:\/\/www.spak.art.pl\/wp-content\/uploads\/2023\/03\/mniewiadomski-tomasz_23-tasiemiec-putin-2022-1-970x686.jpg 970w\" sizes=\"auto, (max-width: 1000px) 100vw, 1000px\" \/><\/a><\/figure>\n\n\n\n<figure class=\"wp-block-image size-full\"><a href=\"http:\/\/www.spak.art.pl\/wp-content\/uploads\/2023\/03\/mstankiewicz-miroslaw_23_telefon-1.jpg\"><img loading=\"lazy\" decoding=\"async\" width=\"1000\" height=\"709\" src=\"http:\/\/www.spak.art.pl\/wp-content\/uploads\/2023\/03\/mstankiewicz-miroslaw_23_telefon-1.jpg\" alt=\"\" class=\"wp-image-7882\" srcset=\"http:\/\/www.spak.art.pl\/wp-content\/uploads\/2023\/03\/mstankiewicz-miroslaw_23_telefon-1.jpg 1000w, http:\/\/www.spak.art.pl\/wp-content\/uploads\/2023\/03\/mstankiewicz-miroslaw_23_telefon-1-300x213.jpg 300w, http:\/\/www.spak.art.pl\/wp-content\/uploads\/2023\/03\/mstankiewicz-miroslaw_23_telefon-1-768x545.jpg 768w, http:\/\/www.spak.art.pl\/wp-content\/uploads\/2023\/03\/mstankiewicz-miroslaw_23_telefon-1-564x400.jpg 564w, http:\/\/www.spak.art.pl\/wp-content\/uploads\/2023\/03\/mstankiewicz-miroslaw_23_telefon-1-970x688.jpg 970w\" sizes=\"auto, (max-width: 1000px) 100vw, 1000px\" \/><\/a><\/figure>\n\n\n\n<figure class=\"wp-block-image size-full\"><a href=\"http:\/\/www.spak.art.pl\/wp-content\/uploads\/2023\/03\/mwoloszyn-tomasz-23_2-pogotowie-energetyczne-1.jpg\"><img loading=\"lazy\" decoding=\"async\" width=\"692\" height=\"1000\" src=\"http:\/\/www.spak.art.pl\/wp-content\/uploads\/2023\/03\/mwoloszyn-tomasz-23_2-pogotowie-energetyczne-1.jpg\" alt=\"\" class=\"wp-image-7883\" srcset=\"http:\/\/www.spak.art.pl\/wp-content\/uploads\/2023\/03\/mwoloszyn-tomasz-23_2-pogotowie-energetyczne-1.jpg 692w, http:\/\/www.spak.art.pl\/wp-content\/uploads\/2023\/03\/mwoloszyn-tomasz-23_2-pogotowie-energetyczne-1-208x300.jpg 208w, http:\/\/www.spak.art.pl\/wp-content\/uploads\/2023\/03\/mwoloszyn-tomasz-23_2-pogotowie-energetyczne-1-277x400.jpg 277w\" sizes=\"auto, (max-width: 692px) 100vw, 692px\" \/><\/a><\/figure>\n\n\n\n<figure class=\"wp-block-image size-full\"><a href=\"http:\/\/www.spak.art.pl\/wp-content\/uploads\/2023\/03\/mlabedzki-dariusz_23-kopernik-1.jpg\"><img loading=\"lazy\" decoding=\"async\" width=\"930\" height=\"1000\" src=\"http:\/\/www.spak.art.pl\/wp-content\/uploads\/2023\/03\/mlabedzki-dariusz_23-kopernik-1.jpg\" alt=\"\" class=\"wp-image-7884\" srcset=\"http:\/\/www.spak.art.pl\/wp-content\/uploads\/2023\/03\/mlabedzki-dariusz_23-kopernik-1.jpg 930w, http:\/\/www.spak.art.pl\/wp-content\/uploads\/2023\/03\/mlabedzki-dariusz_23-kopernik-1-279x300.jpg 279w, http:\/\/www.spak.art.pl\/wp-content\/uploads\/2023\/03\/mlabedzki-dariusz_23-kopernik-1-768x826.jpg 768w, http:\/\/www.spak.art.pl\/wp-content\/uploads\/2023\/03\/mlabedzki-dariusz_23-kopernik-1-372x400.jpg 372w\" sizes=\"auto, (max-width: 930px) 100vw, 930px\" \/><\/a><\/figure>\n\n\n\n<figure class=\"wp-block-image size-full\"><a href=\"http:\/\/www.spak.art.pl\/wp-content\/uploads\/2023\/03\/mskwierawski-rafal_23_glosnik-1.jpg\"><img loading=\"lazy\" decoding=\"async\" width=\"693\" height=\"1000\" src=\"http:\/\/www.spak.art.pl\/wp-content\/uploads\/2023\/03\/mskwierawski-rafal_23_glosnik-1.jpg\" alt=\"\" class=\"wp-image-7885\" srcset=\"http:\/\/www.spak.art.pl\/wp-content\/uploads\/2023\/03\/mskwierawski-rafal_23_glosnik-1.jpg 693w, http:\/\/www.spak.art.pl\/wp-content\/uploads\/2023\/03\/mskwierawski-rafal_23_glosnik-1-208x300.jpg 208w, http:\/\/www.spak.art.pl\/wp-content\/uploads\/2023\/03\/mskwierawski-rafal_23_glosnik-1-277x400.jpg 277w\" sizes=\"auto, (max-width: 693px) 100vw, 693px\" \/><\/a><\/figure>\n\n\n\n<figure class=\"wp-block-image size-full\"><a href=\"http:\/\/www.spak.art.pl\/wp-content\/uploads\/2023\/03\/mgrzondziel-krzysztof_23_wojna-nadal-trwa-1.jpg\"><img loading=\"lazy\" decoding=\"async\" width=\"1000\" height=\"750\" src=\"http:\/\/www.spak.art.pl\/wp-content\/uploads\/2023\/03\/mgrzondziel-krzysztof_23_wojna-nadal-trwa-1.jpg\" alt=\"\" class=\"wp-image-7886\" srcset=\"http:\/\/www.spak.art.pl\/wp-content\/uploads\/2023\/03\/mgrzondziel-krzysztof_23_wojna-nadal-trwa-1.jpg 1000w, http:\/\/www.spak.art.pl\/wp-content\/uploads\/2023\/03\/mgrzondziel-krzysztof_23_wojna-nadal-trwa-1-300x225.jpg 300w, http:\/\/www.spak.art.pl\/wp-content\/uploads\/2023\/03\/mgrzondziel-krzysztof_23_wojna-nadal-trwa-1-768x576.jpg 768w, http:\/\/www.spak.art.pl\/wp-content\/uploads\/2023\/03\/mgrzondziel-krzysztof_23_wojna-nadal-trwa-1-533x400.jpg 533w, http:\/\/www.spak.art.pl\/wp-content\/uploads\/2023\/03\/mgrzondziel-krzysztof_23_wojna-nadal-trwa-1-970x728.jpg 970w\" sizes=\"auto, (max-width: 1000px) 100vw, 1000px\" \/><\/a><\/figure>\n\n\n\n<figure class=\"wp-block-image size-full\"><a href=\"http:\/\/www.spak.art.pl\/wp-content\/uploads\/2023\/03\/mszuniewicz-ireneusz_23_pojedynek-1.jpg\"><img loading=\"lazy\" decoding=\"async\" width=\"1000\" height=\"745\" src=\"http:\/\/www.spak.art.pl\/wp-content\/uploads\/2023\/03\/mszuniewicz-ireneusz_23_pojedynek-1.jpg\" alt=\"\" class=\"wp-image-7887\" srcset=\"http:\/\/www.spak.art.pl\/wp-content\/uploads\/2023\/03\/mszuniewicz-ireneusz_23_pojedynek-1.jpg 1000w, http:\/\/www.spak.art.pl\/wp-content\/uploads\/2023\/03\/mszuniewicz-ireneusz_23_pojedynek-1-300x224.jpg 300w, http:\/\/www.spak.art.pl\/wp-content\/uploads\/2023\/03\/mszuniewicz-ireneusz_23_pojedynek-1-768x572.jpg 768w, http:\/\/www.spak.art.pl\/wp-content\/uploads\/2023\/03\/mszuniewicz-ireneusz_23_pojedynek-1-537x400.jpg 537w, http:\/\/www.spak.art.pl\/wp-content\/uploads\/2023\/03\/mszuniewicz-ireneusz_23_pojedynek-1-970x723.jpg 970w\" sizes=\"auto, (max-width: 1000px) 100vw, 1000px\" \/><\/a><\/figure>\n","protected":false},"excerpt":{"rendered":"<p>Kapitu\u0142a V Og\u00f3lnopolskiego Konkursu na Rysunek Prasowy im. Aleksandra Wo\u0142osa (2023) w sk\u0142adzie: Pawe\u0142 P\u0142oski \u2013 Dyrektor Muzeum Karykatury im. Eryka Lipi\u0144skiego \u2013 przewodnicz\u0105cy jury, Artur Galicki \u2013 Stowarzyszenie Polskich Artyst\u00f3w Karykatury \u2013 cz\u0142onek jury, Ma\u0142gorzata Gny\u015b \u2013 Stowarzyszenie Polskich Artyst\u00f3w Karykatury \u2013 cz\u0142onek jury, Paulina Kopesty\u0144ska \u2013 Stowarzyszenie Polskich Artyst\u00f3w Karykatury \u2013 cz\u0142onek jury, &hellip; <\/p>\n<p><a class=\"more-link btn\" href=\"http:\/\/www.spak.art.pl\/?p=7873\">Kontynuuj czytanie<\/a><\/p>\n","protected":false},"author":1,"featured_media":0,"comment_status":"closed","ping_status":"closed","sticky":false,"template":"","format":"standard","meta":{"ngg_post_thumbnail":0,"footnotes":""},"categories":[9],"tags":[],"class_list":["post-7873","post","type-post","status-publish","format-standard","hentry","category-aktualnosci","nodate","item-wrap"],"_links":{"self":[{"href":"http:\/\/www.spak.art.pl\/index.php?rest_route=\/wp\/v2\/posts\/7873","targetHints":{"allow":["GET"]}}],"collection":[{"href":"http:\/\/www.spak.art.pl\/index.php?rest_route=\/wp\/v2\/posts"}],"about":[{"href":"http:\/\/www.spak.art.pl\/index.php?rest_route=\/wp\/v2\/types\/post"}],"author":[{"embeddable":true,"href":"http:\/\/www.spak.art.pl\/index.php?rest_route=\/wp\/v2\/users\/1"}],"replies":[{"embeddable":true,"href":"http:\/\/www.spak.art.pl\/index.php?rest_route=%2Fwp%2Fv2%2Fcomments&post=7873"}],"version-history":[{"count":2,"href":"http:\/\/www.spak.art.pl\/index.php?rest_route=\/wp\/v2\/posts\/7873\/revisions"}],"predecessor-version":[{"id":7890,"href":"http:\/\/www.spak.art.pl\/index.php?rest_route=\/wp\/v2\/posts\/7873\/revisions\/7890"}],"wp:attachment":[{"href":"http:\/\/www.spak.art.pl\/index.php?rest_route=%2Fwp%2Fv2%2Fmedia&parent=7873"}],"wp:term":[{"taxonomy":"category","embeddable":true,"href":"http:\/\/www.spak.art.pl\/index.php?rest_route=%2Fwp%2Fv2%2Fcategories&post=7873"},{"taxonomy":"post_tag","embeddable":true,"href":"http:\/\/www.spak.art.pl\/index.php?rest_route=%2Fwp%2Fv2%2Ftags&post=7873"}],"curies":[{"name":"wp","href":"https:\/\/api.w.org\/{rel}","templated":true}]}}