{"id":7940,"date":"2023-05-03T09:06:23","date_gmt":"2023-05-03T09:06:23","guid":{"rendered":"http:\/\/www.spak.art.pl\/?p=7940"},"modified":"2023-05-03T09:06:24","modified_gmt":"2023-05-03T09:06:24","slug":"rysunki-konkursowe-w-muzeum-karykatury","status":"publish","type":"post","link":"http:\/\/www.spak.art.pl\/?p=7940","title":{"rendered":"Rysunki konkursowe  w Muzeum Karykatury"},"content":{"rendered":"\n<p><strong>W sobot\u0119, 6 maja, o godz. 18.00, <\/strong>w Muzeum Karykatury w Warszawie (ul. Kozia 11) odb\u0119dzie si\u0119 wernisa\u017c plenerowej wystawy oraz na rozdanie nagr\u00f3d <strong>V Og\u00f3lnopolskiego Konkursu na Rysunek Prasowy im. Aleksandra Wo\u0142osa<\/strong>. Na wystawie zostan\u0105 pokazane prace nagrodzono w latach 2019-2023, kt\u00f3rych autorami s\u0105:<\/p>\n\n\n\n<p>B\u0105kowski Grzegorz, Bondarowicz Marcin, Cebula Henryk, Czyczy\u0142o Andrzej, D\u0105browski Dariusz, D\u0105browski Remek, Fr\u0105ckiewicz Jacek, Graczyk Micha\u0142, Grzondziel Krzysztof, Hajnos Miros\u0142aw, Hnidziejko Jaroslaw, Janowski Janek, Kotwicz Lech, Kowalska-Wieczorek Izabela, Kuczy\u0144ski Pawe\u0142, Lanckoro\u0144ski Jacek, Lewandowska Karolina, \u0141ab\u0119dzki Dariusz, \u0141uczy\u0144ski S\u0142awomir, Makal S\u0142awomir, Michalski Maciej M., Mirowski Robert, Murgrabia Ala Hanna, Niewiadomski Tomasz, Pietrzak Dariusz, Ruk\u015b\u0107 Waldemar, Sadurski Szczepan, Sawka Henryk, Skwierawski Rafa\u0142, Stankiewicz Miros\u0142aw, Stelmaszczyk W\u0142odzimierz, Szuniewicz Ireneusz, Trojanowski Robert, Waku\u0142a Pawe\u0142,&nbsp; Wiater Tomasz, Wo\u0142oszyn Tomasz, Zygmunt Jacek.<\/p>\n\n\n\n<p>Poza konkursem swoje prace zaprezentuj\u0105: Aleksander Wo\u0142os (patron konkursu) oraz jurorzy: J\u00f3zef Burniewicz, Ma\u0142gorzata Gny\u015b, Artur Galicki, Paulina Kopesty\u0144ska, Zbigniew Piszczako.<\/p>\n\n\n\n<figure class=\"wp-block-image size-large\"><a href=\"http:\/\/www.spak.art.pl\/wp-content\/uploads\/2023\/05\/zaproszenie-MK-2023-Warszawa.jpg\"><img loading=\"lazy\" decoding=\"async\" width=\"735\" height=\"1024\" src=\"http:\/\/www.spak.art.pl\/wp-content\/uploads\/2023\/05\/zaproszenie-MK-2023-Warszawa-735x1024.jpg\" alt=\"\" class=\"wp-image-7941\" srcset=\"http:\/\/www.spak.art.pl\/wp-content\/uploads\/2023\/05\/zaproszenie-MK-2023-Warszawa-735x1024.jpg 735w, http:\/\/www.spak.art.pl\/wp-content\/uploads\/2023\/05\/zaproszenie-MK-2023-Warszawa-215x300.jpg 215w, http:\/\/www.spak.art.pl\/wp-content\/uploads\/2023\/05\/zaproszenie-MK-2023-Warszawa-768x1069.jpg 768w, http:\/\/www.spak.art.pl\/wp-content\/uploads\/2023\/05\/zaproszenie-MK-2023-Warszawa-287x400.jpg 287w, http:\/\/www.spak.art.pl\/wp-content\/uploads\/2023\/05\/zaproszenie-MK-2023-Warszawa.jpg 800w\" sizes=\"auto, (max-width: 735px) 100vw, 735px\" \/><\/a><\/figure>\n","protected":false},"excerpt":{"rendered":"<p>W sobot\u0119, 6 maja, o godz. 18.00, w Muzeum Karykatury w Warszawie (ul. Kozia 11) odb\u0119dzie si\u0119 wernisa\u017c plenerowej wystawy oraz na rozdanie nagr\u00f3d V Og\u00f3lnopolskiego Konkursu na Rysunek Prasowy im. Aleksandra Wo\u0142osa. Na wystawie zostan\u0105 pokazane prace nagrodzono w latach 2019-2023, kt\u00f3rych autorami s\u0105: B\u0105kowski Grzegorz, Bondarowicz Marcin, Cebula Henryk, Czyczy\u0142o Andrzej, D\u0105browski Dariusz, &hellip; <\/p>\n<p><a class=\"more-link btn\" href=\"http:\/\/www.spak.art.pl\/?p=7940\">Kontynuuj czytanie<\/a><\/p>\n","protected":false},"author":1,"featured_media":0,"comment_status":"closed","ping_status":"closed","sticky":false,"template":"","format":"standard","meta":{"ngg_post_thumbnail":0,"footnotes":""},"categories":[9],"tags":[],"class_list":["post-7940","post","type-post","status-publish","format-standard","hentry","category-aktualnosci","nodate","item-wrap"],"_links":{"self":[{"href":"http:\/\/www.spak.art.pl\/index.php?rest_route=\/wp\/v2\/posts\/7940","targetHints":{"allow":["GET"]}}],"collection":[{"href":"http:\/\/www.spak.art.pl\/index.php?rest_route=\/wp\/v2\/posts"}],"about":[{"href":"http:\/\/www.spak.art.pl\/index.php?rest_route=\/wp\/v2\/types\/post"}],"author":[{"embeddable":true,"href":"http:\/\/www.spak.art.pl\/index.php?rest_route=\/wp\/v2\/users\/1"}],"replies":[{"embeddable":true,"href":"http:\/\/www.spak.art.pl\/index.php?rest_route=%2Fwp%2Fv2%2Fcomments&post=7940"}],"version-history":[{"count":1,"href":"http:\/\/www.spak.art.pl\/index.php?rest_route=\/wp\/v2\/posts\/7940\/revisions"}],"predecessor-version":[{"id":7942,"href":"http:\/\/www.spak.art.pl\/index.php?rest_route=\/wp\/v2\/posts\/7940\/revisions\/7942"}],"wp:attachment":[{"href":"http:\/\/www.spak.art.pl\/index.php?rest_route=%2Fwp%2Fv2%2Fmedia&parent=7940"}],"wp:term":[{"taxonomy":"category","embeddable":true,"href":"http:\/\/www.spak.art.pl\/index.php?rest_route=%2Fwp%2Fv2%2Fcategories&post=7940"},{"taxonomy":"post_tag","embeddable":true,"href":"http:\/\/www.spak.art.pl\/index.php?rest_route=%2Fwp%2Fv2%2Ftags&post=7940"}],"curies":[{"name":"wp","href":"https:\/\/api.w.org\/{rel}","templated":true}]}}