{"id":8804,"date":"2025-05-28T06:48:35","date_gmt":"2025-05-28T06:48:35","guid":{"rendered":"https:\/\/www.spak.art.pl\/?p=8804"},"modified":"2025-05-28T06:48:35","modified_gmt":"2025-05-28T06:48:35","slug":"gala-karykatury-na-koziej","status":"publish","type":"post","link":"http:\/\/www.spak.art.pl\/?p=8804","title":{"rendered":"GALA KARYKATURY na Koziej"},"content":{"rendered":"\n<p>W najbli\u017csz\u0105 sobot\u0119, 31 maja br. o godz. 17.00, w Muzeum Karykatury, w Warszawie odb\u0119dzie si\u0119 kolejna GALA KARYKATURY, podczas kt\u00f3rej odb\u0119dzie si\u0119 rozdanie nagr\u00f3d w VII Og\u00f3lnopolskim Konkursie na Rysunek Prasowy im. A. Wo\u0142osa. Zapraszamy.<\/p>\n\n\n\n<figure class=\"wp-block-image size-large\"><a href=\"https:\/\/www.spak.art.pl\/wp-content\/uploads\/2025\/05\/Muzeum-Karykatury-25-1.jpg\"><img loading=\"lazy\" decoding=\"async\" width=\"722\" height=\"1024\" src=\"https:\/\/www.spak.art.pl\/wp-content\/uploads\/2025\/05\/Muzeum-Karykatury-25-1-722x1024.jpg\" alt=\"\" class=\"wp-image-8805\" srcset=\"http:\/\/www.spak.art.pl\/wp-content\/uploads\/2025\/05\/Muzeum-Karykatury-25-1-722x1024.jpg 722w, http:\/\/www.spak.art.pl\/wp-content\/uploads\/2025\/05\/Muzeum-Karykatury-25-1-212x300.jpg 212w, http:\/\/www.spak.art.pl\/wp-content\/uploads\/2025\/05\/Muzeum-Karykatury-25-1-768x1089.jpg 768w, http:\/\/www.spak.art.pl\/wp-content\/uploads\/2025\/05\/Muzeum-Karykatury-25-1-282x400.jpg 282w, http:\/\/www.spak.art.pl\/wp-content\/uploads\/2025\/05\/Muzeum-Karykatury-25-1.jpg 846w\" sizes=\"auto, (max-width: 722px) 100vw, 722px\" \/><\/a><\/figure>\n","protected":false},"excerpt":{"rendered":"<p>W najbli\u017csz\u0105 sobot\u0119, 31 maja br. o godz. 17.00, w Muzeum Karykatury, w Warszawie odb\u0119dzie si\u0119 kolejna GALA KARYKATURY, podczas kt\u00f3rej odb\u0119dzie si\u0119 rozdanie nagr\u00f3d w VII Og\u00f3lnopolskim Konkursie na Rysunek Prasowy im. A. Wo\u0142osa. Zapraszamy.<\/p>\n","protected":false},"author":1,"featured_media":0,"comment_status":"closed","ping_status":"closed","sticky":false,"template":"","format":"standard","meta":{"ngg_post_thumbnail":0,"footnotes":""},"categories":[9],"tags":[],"class_list":["post-8804","post","type-post","status-publish","format-standard","hentry","category-aktualnosci","nodate","item-wrap"],"_links":{"self":[{"href":"http:\/\/www.spak.art.pl\/index.php?rest_route=\/wp\/v2\/posts\/8804","targetHints":{"allow":["GET"]}}],"collection":[{"href":"http:\/\/www.spak.art.pl\/index.php?rest_route=\/wp\/v2\/posts"}],"about":[{"href":"http:\/\/www.spak.art.pl\/index.php?rest_route=\/wp\/v2\/types\/post"}],"author":[{"embeddable":true,"href":"http:\/\/www.spak.art.pl\/index.php?rest_route=\/wp\/v2\/users\/1"}],"replies":[{"embeddable":true,"href":"http:\/\/www.spak.art.pl\/index.php?rest_route=%2Fwp%2Fv2%2Fcomments&post=8804"}],"version-history":[{"count":1,"href":"http:\/\/www.spak.art.pl\/index.php?rest_route=\/wp\/v2\/posts\/8804\/revisions"}],"predecessor-version":[{"id":8806,"href":"http:\/\/www.spak.art.pl\/index.php?rest_route=\/wp\/v2\/posts\/8804\/revisions\/8806"}],"wp:attachment":[{"href":"http:\/\/www.spak.art.pl\/index.php?rest_route=%2Fwp%2Fv2%2Fmedia&parent=8804"}],"wp:term":[{"taxonomy":"category","embeddable":true,"href":"http:\/\/www.spak.art.pl\/index.php?rest_route=%2Fwp%2Fv2%2Fcategories&post=8804"},{"taxonomy":"post_tag","embeddable":true,"href":"http:\/\/www.spak.art.pl\/index.php?rest_route=%2Fwp%2Fv2%2Ftags&post=8804"}],"curies":[{"name":"wp","href":"https:\/\/api.w.org\/{rel}","templated":true}]}}