{"id":8811,"date":"2025-06-10T14:59:06","date_gmt":"2025-06-10T14:59:06","guid":{"rendered":"https:\/\/www.spak.art.pl\/?p=8811"},"modified":"2025-06-10T14:59:06","modified_gmt":"2025-06-10T14:59:06","slug":"kreska-rzeczywistosci-relacja-z-gali-karykatury-2025-w-muzeum-karykatury-im-eryka-lipinskiego","status":"publish","type":"post","link":"http:\/\/www.spak.art.pl\/?p=8811","title":{"rendered":"Kreska rzeczywisto\u015bci \u2013 relacja z Gali Karykatury 2025 w Muzeum Karykatury im. Eryka\u00a0Lipi\u0144skiego"},"content":{"rendered":"\n<p><strong>W sobotnie popo\u0142udnie, 31 maja 2025 roku, w samym sercu warszawskiej Star\u00f3wki odby\u0142o si\u0119 \u015bwi\u0119to polskiego rysunku satyrycznego \u2013 Gala Karykatury, kt\u00f3ra zwie\u0144czy\u0142a VII Og\u00f3lnopolski Konkurs na Rysunek Prasowy im. Aleksandra Wo\u0142osa.<\/strong><\/p>\n\n\n\n<p>Gala rozpocz\u0119\u0142a si\u0119 o godzinie 17:00 i ju\u017c od pierwszych chwil da\u0142o si\u0119 odczu\u0107 atmosfer\u0119 powagi wymieszan\u0105 z autoironi\u0105 \u2013 znak rozpoznawczy sztuki karykatury. Uroczysto\u015b\u0107 otworzy\u0142 Zbigniew Piszczako, pomys\u0142odawca konkursu i sekretarz Warmi\u0144sko-Mazurskiego Oddzia\u0142u Stowarzyszenia Dziennikarzy Polskich w Olsztynie. \u2013&nbsp;<em>To by\u0142a rekordowa edycja pod wzgl\u0119dem poziomu \u2013 zg\u0142oszono a\u017c 228 prac od 57 autor\u00f3w, z czego 199 przesz\u0142o weryfikacj\u0119 formaln\u0105. Cieszy nas r\u00f3\u017cnorodno\u015b\u0107 technik i temat\u00f3w \u2013 od polityki, przez kryzysy spo\u0142eczne, a\u017c po sprawy osobiste i egzystencjalne. Poziom by\u0142 bardzo wyr\u00f3wnany, a wyb\u00f3r \u2013 nie\u0142atwy<\/em>, powiedzia\u0142 Piszczako, podkre\u015blaj\u0105c, \u017ce to w\u0142a\u015bnie w rysunku prasowym objawia si\u0119 cz\u0119sto najbardziej przenikliwa i b\u0142yskotliwa diagnoza spo\u0142eczna.<\/p>\n\n\n\n<p>Kulminacyjnym momentem wieczoru by\u0142o og\u0142oszenie laureat\u00f3w. Nagroda G\u0142\u00f3wna im. Aleksandra Wo\u0142osa trafi\u0142a do Marka Kwiatkowskiego za prac\u0119 \u201eJak naprawi\u0107 Polsk\u0119\u201d, opublikowan\u0105 w tygodniku \u201ePolityka\u201d. \u2013&nbsp;<em>Paradoks tej pracy polega na tym, \u017ce jej aktualno\u015b\u0107 nie przemija. Mam wra\u017cenie, \u017ce b\u0119dzie r\u00f3wnie trafna dzi\u015b, jutro i za pi\u0119\u0107 lat. To przera\u017caj\u0105ce, ale i inspiruj\u0105ce \u2013 sztuka mo\u017ce nie zmienia rzeczywisto\u015bci, ale na pewno j\u0105 uwidacznia<\/em>, powiedzia\u0142 w swojej wypowiedzi Kwiatkowski, odbieraj\u0105c nagrod\u0119 w wysoko\u015bci 5000 z\u0142 oraz zaproszenie do zorganizowania indywidualnej wystawy w Galerii Us\u0142uga Jazz Bar w Olsztynie.<\/p>\n\n\n\n<p>Wi\u0119cej zdj\u0119\u0107 na stronie <a href=\"https:\/\/sdpolsztynpl.wordpress.com\/2025\/06\/02\/kreska-rzeczywistosci-relacja-z-gali-karykatury-2025-w-muzeum-karykatury-im-eryka-lipinskiego\/\">https:\/\/sdpolsztynpl.wordpress.com\/2025\/06\/02\/kreska-rzeczywistosci-relacja-z-gali-karykatury-2025-w-muzeum-karykatury-im-eryka-lipinskiego\/<\/a><\/p>\n\n\n\n<figure class=\"wp-block-image size-full\"><a href=\"https:\/\/www.spak.art.pl\/wp-content\/uploads\/2025\/06\/Gala-karykatury-2025.jpg\"><img loading=\"lazy\" decoding=\"async\" width=\"1000\" height=\"649\" src=\"https:\/\/www.spak.art.pl\/wp-content\/uploads\/2025\/06\/Gala-karykatury-2025.jpg\" alt=\"\" class=\"wp-image-8812\" srcset=\"http:\/\/www.spak.art.pl\/wp-content\/uploads\/2025\/06\/Gala-karykatury-2025.jpg 1000w, http:\/\/www.spak.art.pl\/wp-content\/uploads\/2025\/06\/Gala-karykatury-2025-300x195.jpg 300w, http:\/\/www.spak.art.pl\/wp-content\/uploads\/2025\/06\/Gala-karykatury-2025-768x498.jpg 768w, http:\/\/www.spak.art.pl\/wp-content\/uploads\/2025\/06\/Gala-karykatury-2025-616x400.jpg 616w, http:\/\/www.spak.art.pl\/wp-content\/uploads\/2025\/06\/Gala-karykatury-2025-970x630.jpg 970w\" sizes=\"auto, (max-width: 1000px) 100vw, 1000px\" \/><\/a><\/figure>\n","protected":false},"excerpt":{"rendered":"<p>W sobotnie popo\u0142udnie, 31 maja 2025 roku, w samym sercu warszawskiej Star\u00f3wki odby\u0142o si\u0119 \u015bwi\u0119to polskiego rysunku satyrycznego \u2013 Gala Karykatury, kt\u00f3ra zwie\u0144czy\u0142a VII Og\u00f3lnopolski Konkurs na Rysunek Prasowy im. Aleksandra Wo\u0142osa. Gala rozpocz\u0119\u0142a si\u0119 o godzinie 17:00 i ju\u017c od pierwszych chwil da\u0142o si\u0119 odczu\u0107 atmosfer\u0119 powagi wymieszan\u0105 z autoironi\u0105 \u2013 znak rozpoznawczy sztuki &hellip; <\/p>\n<p><a class=\"more-link btn\" href=\"http:\/\/www.spak.art.pl\/?p=8811\">Kontynuuj czytanie<\/a><\/p>\n","protected":false},"author":1,"featured_media":0,"comment_status":"closed","ping_status":"closed","sticky":false,"template":"","format":"standard","meta":{"ngg_post_thumbnail":0,"footnotes":""},"categories":[9],"tags":[],"class_list":["post-8811","post","type-post","status-publish","format-standard","hentry","category-aktualnosci","nodate","item-wrap"],"_links":{"self":[{"href":"http:\/\/www.spak.art.pl\/index.php?rest_route=\/wp\/v2\/posts\/8811","targetHints":{"allow":["GET"]}}],"collection":[{"href":"http:\/\/www.spak.art.pl\/index.php?rest_route=\/wp\/v2\/posts"}],"about":[{"href":"http:\/\/www.spak.art.pl\/index.php?rest_route=\/wp\/v2\/types\/post"}],"author":[{"embeddable":true,"href":"http:\/\/www.spak.art.pl\/index.php?rest_route=\/wp\/v2\/users\/1"}],"replies":[{"embeddable":true,"href":"http:\/\/www.spak.art.pl\/index.php?rest_route=%2Fwp%2Fv2%2Fcomments&post=8811"}],"version-history":[{"count":1,"href":"http:\/\/www.spak.art.pl\/index.php?rest_route=\/wp\/v2\/posts\/8811\/revisions"}],"predecessor-version":[{"id":8813,"href":"http:\/\/www.spak.art.pl\/index.php?rest_route=\/wp\/v2\/posts\/8811\/revisions\/8813"}],"wp:attachment":[{"href":"http:\/\/www.spak.art.pl\/index.php?rest_route=%2Fwp%2Fv2%2Fmedia&parent=8811"}],"wp:term":[{"taxonomy":"category","embeddable":true,"href":"http:\/\/www.spak.art.pl\/index.php?rest_route=%2Fwp%2Fv2%2Fcategories&post=8811"},{"taxonomy":"post_tag","embeddable":true,"href":"http:\/\/www.spak.art.pl\/index.php?rest_route=%2Fwp%2Fv2%2Ftags&post=8811"}],"curies":[{"name":"wp","href":"https:\/\/api.w.org\/{rel}","templated":true}]}}