{"id":8817,"date":"2025-06-23T18:34:59","date_gmt":"2025-06-23T18:34:59","guid":{"rendered":"https:\/\/www.spak.art.pl\/?p=8817"},"modified":"2025-06-23T18:35:00","modified_gmt":"2025-06-23T18:35:00","slug":"juz-wkrotce-dni-mragowa-27-29-czerwca","status":"publish","type":"post","link":"http:\/\/www.spak.art.pl\/?p=8817","title":{"rendered":"Ju\u017c wkr\u00f3tce Dni Mr\u0105gowa (27-29 czerwca)"},"content":{"rendered":"\n<p>W pi\u0105tek 27 czerwca odb\u0119dzie otwarcie wystawy pokonkursowej VII Og\u00f3lnopolskiego<\/p>\n\n\n\n<p>Rysunku Prasowego im. Aleksandra Wo\u0142osa w Mr\u0105gowskim Centrum Kultury (ul. Warszawska 26).<\/p>\n\n\n\n<p>Uroczysty finisa\u017c wystawy zaplanowany jest na 26 lipca, w kt\u00f3rym wezm\u0105 udzia\u0142 uczestnicy&nbsp; Og\u00f3lnopolskiego Pleneru Karykaturzyst\u00f3w odbywaj\u0105cego<\/p>\n\n\n\n<p>si\u0119 w Mr\u0105gowie.<\/p>\n\n\n\n<p>Kto b\u0119dzie w pobli\u017cu zapraszamy.<\/p>\n\n\n\n<figure class=\"wp-block-image size-full\"><a href=\"https:\/\/www.spak.art.pl\/wp-content\/uploads\/2025\/06\/Mragowo-06-2025.jpg\"><img loading=\"lazy\" decoding=\"async\" width=\"768\" height=\"960\" src=\"https:\/\/www.spak.art.pl\/wp-content\/uploads\/2025\/06\/Mragowo-06-2025.jpg\" alt=\"\" class=\"wp-image-8818\" srcset=\"http:\/\/www.spak.art.pl\/wp-content\/uploads\/2025\/06\/Mragowo-06-2025.jpg 768w, http:\/\/www.spak.art.pl\/wp-content\/uploads\/2025\/06\/Mragowo-06-2025-240x300.jpg 240w, http:\/\/www.spak.art.pl\/wp-content\/uploads\/2025\/06\/Mragowo-06-2025-320x400.jpg 320w\" sizes=\"auto, (max-width: 768px) 100vw, 768px\" \/><\/a><\/figure>\n","protected":false},"excerpt":{"rendered":"<p>W pi\u0105tek 27 czerwca odb\u0119dzie otwarcie wystawy pokonkursowej VII Og\u00f3lnopolskiego Rysunku Prasowego im. Aleksandra Wo\u0142osa w Mr\u0105gowskim Centrum Kultury (ul. Warszawska 26). Uroczysty finisa\u017c wystawy zaplanowany jest na 26 lipca, w kt\u00f3rym wezm\u0105 udzia\u0142 uczestnicy&nbsp; Og\u00f3lnopolskiego Pleneru Karykaturzyst\u00f3w odbywaj\u0105cego si\u0119 w Mr\u0105gowie. Kto b\u0119dzie w pobli\u017cu zapraszamy.<\/p>\n","protected":false},"author":1,"featured_media":0,"comment_status":"closed","ping_status":"closed","sticky":false,"template":"","format":"standard","meta":{"ngg_post_thumbnail":0,"footnotes":""},"categories":[9],"tags":[],"class_list":["post-8817","post","type-post","status-publish","format-standard","hentry","category-aktualnosci","nodate","item-wrap"],"_links":{"self":[{"href":"http:\/\/www.spak.art.pl\/index.php?rest_route=\/wp\/v2\/posts\/8817","targetHints":{"allow":["GET"]}}],"collection":[{"href":"http:\/\/www.spak.art.pl\/index.php?rest_route=\/wp\/v2\/posts"}],"about":[{"href":"http:\/\/www.spak.art.pl\/index.php?rest_route=\/wp\/v2\/types\/post"}],"author":[{"embeddable":true,"href":"http:\/\/www.spak.art.pl\/index.php?rest_route=\/wp\/v2\/users\/1"}],"replies":[{"embeddable":true,"href":"http:\/\/www.spak.art.pl\/index.php?rest_route=%2Fwp%2Fv2%2Fcomments&post=8817"}],"version-history":[{"count":1,"href":"http:\/\/www.spak.art.pl\/index.php?rest_route=\/wp\/v2\/posts\/8817\/revisions"}],"predecessor-version":[{"id":8819,"href":"http:\/\/www.spak.art.pl\/index.php?rest_route=\/wp\/v2\/posts\/8817\/revisions\/8819"}],"wp:attachment":[{"href":"http:\/\/www.spak.art.pl\/index.php?rest_route=%2Fwp%2Fv2%2Fmedia&parent=8817"}],"wp:term":[{"taxonomy":"category","embeddable":true,"href":"http:\/\/www.spak.art.pl\/index.php?rest_route=%2Fwp%2Fv2%2Fcategories&post=8817"},{"taxonomy":"post_tag","embeddable":true,"href":"http:\/\/www.spak.art.pl\/index.php?rest_route=%2Fwp%2Fv2%2Ftags&post=8817"}],"curies":[{"name":"wp","href":"https:\/\/api.w.org\/{rel}","templated":true}]}}