{"id":5758,"date":"2018-08-07T15:53:36","date_gmt":"2018-08-07T15:53:36","guid":{"rendered":"http:\/\/www.spak.art.pl\/?p=5758"},"modified":"2018-08-07T15:53:36","modified_gmt":"2018-08-07T15:53:36","slug":"nie-zyje-adam-jurkowski","status":"publish","type":"post","link":"https:\/\/www.spak.art.pl\/?p=5758","title":{"rendered":"Nie \u017cyje Adam Jurkowski"},"content":{"rendered":"<p><a href=\"http:\/\/www.spak.art.pl\/wp-content\/uploads\/2018\/08\/jurkowski1.jpg\"><img loading=\"lazy\" decoding=\"async\" class=\"alignleft  wp-image-5759\" title=\"jurkowski1\" src=\"http:\/\/www.spak.art.pl\/wp-content\/uploads\/2018\/08\/jurkowski1.jpg\" alt=\"\" width=\"187\" height=\"252\" srcset=\"https:\/\/www.spak.art.pl\/wp-content\/uploads\/2018\/08\/jurkowski1.jpg 446w, https:\/\/www.spak.art.pl\/wp-content\/uploads\/2018\/08\/jurkowski1-223x300.jpg 223w\" sizes=\"auto, (max-width: 187px) 100vw, 187px\" \/><\/a><\/p>\n<p>Z przykro\u015bci\u0105 informujemy o \u015bmierci <strong>Adama Jurkowskiego<\/strong> (1938-2018), naszego kolegi rysownika, cz\u0142onka SPAK, wiceprzewodnicz\u0105cego S\u0105du Kole\u017ce\u0144skiego SPAK, kt\u00f3ry odszed\u0142 2 sierpnia b.r. w wieku 80 lat.<\/p>\n<p>Pogrzeb Adama Jurkowskiego odb\u0119dzie si\u0119 w pi\u0105tek 10.08.2018 roku, o godz. 10.00, na Cmentarzu Komunalnym P\u00f3\u0142nocnym w Warszawie, w Domu Pogrzebowym, sala A.<\/p>\n<p>Cze\u015b\u0107 jego pami\u0119ci.<\/p>\n","protected":false},"excerpt":{"rendered":"<p>Z przykro\u015bci\u0105 informujemy o \u015bmierci Adama Jurkowskiego (1938-2018), naszego kolegi rysownika, cz\u0142onka SPAK, wiceprzewodnicz\u0105cego S\u0105du Kole\u017ce\u0144skiego SPAK, kt\u00f3ry odszed\u0142 2 sierpnia b.r. w wieku 80 lat. Pogrzeb Adama Jurkowskiego odb\u0119dzie si\u0119 w pi\u0105tek 10.08.2018 roku, o godz. 10.00, na Cmentarzu Komunalnym P\u00f3\u0142nocnym w Warszawie, w Domu Pogrzebowym, sala A. Cze\u015b\u0107 jego pami\u0119ci.<\/p>\n","protected":false},"author":1,"featured_media":0,"comment_status":"closed","ping_status":"closed","sticky":false,"template":"","format":"standard","meta":{"ngg_post_thumbnail":0,"footnotes":""},"categories":[9],"tags":[],"class_list":["post-5758","post","type-post","status-publish","format-standard","hentry","category-aktualnosci","nodate","item-wrap"],"_links":{"self":[{"href":"https:\/\/www.spak.art.pl\/index.php?rest_route=\/wp\/v2\/posts\/5758","targetHints":{"allow":["GET"]}}],"collection":[{"href":"https:\/\/www.spak.art.pl\/index.php?rest_route=\/wp\/v2\/posts"}],"about":[{"href":"https:\/\/www.spak.art.pl\/index.php?rest_route=\/wp\/v2\/types\/post"}],"author":[{"embeddable":true,"href":"https:\/\/www.spak.art.pl\/index.php?rest_route=\/wp\/v2\/users\/1"}],"replies":[{"embeddable":true,"href":"https:\/\/www.spak.art.pl\/index.php?rest_route=%2Fwp%2Fv2%2Fcomments&post=5758"}],"version-history":[{"count":4,"href":"https:\/\/www.spak.art.pl\/index.php?rest_route=\/wp\/v2\/posts\/5758\/revisions"}],"predecessor-version":[{"id":5763,"href":"https:\/\/www.spak.art.pl\/index.php?rest_route=\/wp\/v2\/posts\/5758\/revisions\/5763"}],"wp:attachment":[{"href":"https:\/\/www.spak.art.pl\/index.php?rest_route=%2Fwp%2Fv2%2Fmedia&parent=5758"}],"wp:term":[{"taxonomy":"category","embeddable":true,"href":"https:\/\/www.spak.art.pl\/index.php?rest_route=%2Fwp%2Fv2%2Fcategories&post=5758"},{"taxonomy":"post_tag","embeddable":true,"href":"https:\/\/www.spak.art.pl\/index.php?rest_route=%2Fwp%2Fv2%2Ftags&post=5758"}],"curies":[{"name":"wp","href":"https:\/\/api.w.org\/{rel}","templated":true}]}}