{"id":8200,"date":"2023-11-15T19:42:31","date_gmt":"2023-11-15T19:42:31","guid":{"rendered":"https:\/\/www.spak.art.pl\/?p=8200"},"modified":"2023-11-15T19:42:32","modified_gmt":"2023-11-15T19:42:32","slug":"vi-ogolnopolski-konkurs-na-rysunek-prasowy-im-aleksandra-wolosa","status":"publish","type":"post","link":"https:\/\/www.spak.art.pl\/?p=8200","title":{"rendered":"VI OG\u00d3LNOPOLSKI KONKURS NA RYSUNEK PRASOWY IM. ALEKSANDRA WO\u0141OSA"},"content":{"rendered":"\n<figure class=\"wp-block-image size-full\"><a href=\"https:\/\/www.spak.art.pl\/wp-content\/uploads\/2023\/11\/logo-OK_-2024.jpg\"><img loading=\"lazy\" decoding=\"async\" width=\"400\" height=\"364\" src=\"https:\/\/www.spak.art.pl\/wp-content\/uploads\/2023\/11\/logo-OK_-2024.jpg\" alt=\"\" class=\"wp-image-8201\" srcset=\"https:\/\/www.spak.art.pl\/wp-content\/uploads\/2023\/11\/logo-OK_-2024.jpg 400w, https:\/\/www.spak.art.pl\/wp-content\/uploads\/2023\/11\/logo-OK_-2024-300x273.jpg 300w\" sizes=\"auto, (max-width: 400px) 100vw, 400px\" \/><\/a><\/figure>\n\n\n\n<p><\/p>\n\n\n\n<p><strong>Og\u00f3lnopolski konkurs na rysunek prasowy im. Aleksandra Wo\u0142osa nagradza autorki i autor\u00f3w najlepszych prac <\/strong><strong>opublikowanych w danym roku<\/strong><strong>. Celem konkursu jest podkre\u015blenie znaczenia rysunku prasowego, kt\u00f3ry mo\u017ce by\u0107 komentarzem politycznym, spo\u0142ecznym b\u0105d\u017a sportowym. Mog\u0105 to by\u0107 zar\u00f3wno rysunki satyryczne, jak opowie\u015bci w kszta\u0142cie kr\u00f3tkiego komiksu czy ilustracje do artyku\u0142u prasowego.<\/strong><strong><\/strong><\/p>\n\n\n\n<p>Organizatorem konkursu jest Warmi\u0144sko-Mazurski Oddzia\u0142 Stowarzyszenia Dziennikarzy Polskich w Olsztynie.<\/p>\n\n\n\n<p>Patronat nad konkursem obj\u0119\u0142o Muzeum Karykatury im. Eryka Lipi\u0144skiego.<\/p>\n\n\n\n<p><strong>Regulamin<\/strong><\/p>\n\n\n\n<ol class=\"wp-block-list\" type=\"1\"><li><strong>Konkurs obejmuje prace opublikowane od 1 stycznia do 31 grudnia 2023 roku<\/strong>, w prasie i mediach elektronicznych. Tematyka konkursu jest nieograniczona: rysunek polityczny, spo\u0142eczny, humorystyczny, sportowy, karykatura itp.<\/li><li>Prace konkursowe nale\u017cy przes\u0142a\u0107 w formie elektronicznej w rozdzielczo\u015bci 300 dpi, formacie jpg, rozmiarze A4 z podaniem tytu\u0142u wydawnictwa i dat\u0105 publikacji. Ponadto nale\u017cy do\u0142\u0105czy\u0107 zeskanowan\u0105 stron\u0119 czasopisma z rysunkiem, natomiast w przypadku prac zamieszczonych w Internecie nale\u017cy poda\u0107 link do strony, na kt\u00f3rej zosta\u0142a zamieszczona praca oraz PrintScreen strony internetowej z zamieszczon\u0105 prac\u0105.<\/li><li>Ka\u017cdy uczestnik mo\u017ce zg\u0142osi\u0107 do konkursu <strong>maksymalnie 5 prac<\/strong>.<\/li><li><strong>Prace<\/strong>, opatrzone imieniem i nazwiskiem autora wraz z danymi kontaktowymi<strong>, nale\u017cy przes\u0142a\u0107 na <\/strong><strong>adres: <\/strong><a href=\"mailto:ok.rysprasowy@interia.pl\"><strong>ok.rysprasowy@interia.pl<\/strong><\/a> . <strong>Termin nadsy\u0142ania prac do 31 stycznia 2024 roku.<\/strong><strong><\/strong><\/li><li>Prace b\u0119dzie ocenia\u0107 jury powo\u0142ane przez Zarz\u0105d Warmi\u0144sko-Mazurskiego Oddzia\u0142u Stowarzyszenia Dziennikarzy Polskich w Olsztynie, kt\u00f3re przyzna nagrody i wyr\u00f3\u017cnienia. Nagroda G\u0142\u00f3wna im. Aleksandra Wo\u0142osa jest nagrod\u0105 pieni\u0119\u017cn\u0105. Laureat konkursu dodatkowo zaprezentuje swoje prace na wystawie indywidualnej w Galerii Us\u0142uga Jazz Bar w Olsztynie. B\u0119d\u0105 tak\u017ce przyznane nagrody pozaregulaminowe.<\/li><li>Prace zakwalifikowane do konkursu zostan\u0105 zaprezentowane na wystawie pokonkursowej w Olsztynie oraz innych miastach Polski. &nbsp;<\/li><li>Wyniki konkursu zostan\u0105 og\u0142oszone do ko\u0144ca marca 2024 r., a rozdanie nagr\u00f3d nast\u0105pi w Muzeum Karykatury im. Eryka Lipi\u0144skiego w Warszawie.<\/li><\/ol>\n\n\n\n<p>Szczeg\u00f3\u0142owe informacje u koordynatora konkursu: Zbigniew Piszczako, email: <a href=\"mailto:ok.rysprasowy@interia.pl\">ok.rysprasowy@interia.pl<\/a><a href=\"mailto:zbp58@interia.pl\"><\/a>, tel. 694&nbsp;712&nbsp;745.<\/p>\n\n\n\n<p><strong>Postanowienia ko\u0144cowe<\/strong><\/p>\n\n\n\n<p>Udzia\u0142 w konkursie jest jednoznaczny z wyra\u017ceniem zgody na nieodp\u0142atne reprodukowanie prac do cel\u00f3w promocyjnych konkursu oraz przez Warmi\u0144sko-Mazurski Oddzia\u0142 Stowarzyszenia Dziennikarzy Polskich w Olsztynie za po\u015brednictwem medi\u00f3w dowoln\u0105 ilo\u015b\u0107 razy i w dowolnym czasie.<\/p>\n\n\n\n<p>Nades\u0142anie prac na konkurs jest jednoznaczne z wyra\u017ceniem przez autora zgody na warunki niniejszego regulaminu.<\/p>\n\n\n\n<p><strong>Patron konkursu<\/strong><\/p>\n\n\n\n<p><strong><em>Aleksander Wo\u0142os<\/em><\/strong><em> (1934-2014); <\/em><em>doktor habilitowany z zakresu nauk przyrodniczych,&nbsp; <\/em><em>olszty\u0144ski karykaturzysta, rysownik, pastelista,&nbsp; <\/em><em>malarz.<\/em><\/p>\n\n\n\n<p><em>Od 1955 r. publikowa\u0142 w prasie regionalnej (Gazeta Olszty\u0144ska, Nasza Wie\u015b, Panorama P\u00f3\u0142nocy, Pos\u0142aniec Warmi\u0144ski, Warmia i Mazury), w tygodnikach og\u00f3lnopolskich Karuzela, Polityka, Szpilki, Wprost, a tak\u017ce w prasie niemieckiej (Kontraste, Eulenspiegel, Pardon) i jugos\u0142owia\u0144skiej (Osten) oraz wielu wydawnictwach ksi\u0105\u017ckowych. By\u0142 autorem ponad 100 projekt\u00f3w ok\u0142adek do ksi\u0105\u017cek. Opublikowa\u0142 cztery zbiorki rysunk\u00f3w satyrycznych oraz trzy albumy malarstwa pastelowego: Pastelowy humor (2002), G\u0142owy i g\u0142\u00f3wki (2004), Akweny (2006). Mia\u0142 na swym koncie ponad 60 wystaw indywidualnych oraz udzia\u0142 w kilkuset wystawach zbiorowych. Laureat wielu nagr\u00f3d krajowych i zagranicznych. Otrzyma\u0142 m.in. Krzy\u017c Kawalerski Orderu Odrodzenia Polski,&nbsp; Medal Zas\u0142u\u017cony dla Kultury Polskiej, Odznak\u0119 \u201eZas\u0142u\u017cony dla Warmii i Mazur\u201d.<\/em><\/p>\n\n\n\n<p><em>\u015amier\u0107 zaskoczy\u0142a Aleksandra Wo\u0142osa w dniu, gdy na Zamku Olszty\u0144skim mia\u0142 odebra\u0107 z r\u0105k Prezydenta Olsztyna nagrod\u0119 im. Hieronima Skurpskiego, przyznawan\u0105 przez Kapitu\u0142\u0119 najbardziej uznanych artyst\u00f3w olszty\u0144skich.<\/em><\/p>\n","protected":false},"excerpt":{"rendered":"<p>Og\u00f3lnopolski konkurs na rysunek prasowy im. Aleksandra Wo\u0142osa nagradza autorki i autor\u00f3w najlepszych prac opublikowanych w danym roku. Celem konkursu jest podkre\u015blenie znaczenia rysunku prasowego, kt\u00f3ry mo\u017ce by\u0107 komentarzem politycznym, spo\u0142ecznym b\u0105d\u017a sportowym. Mog\u0105 to by\u0107 zar\u00f3wno rysunki satyryczne, jak opowie\u015bci w kszta\u0142cie kr\u00f3tkiego komiksu czy ilustracje do artyku\u0142u prasowego. Organizatorem konkursu jest Warmi\u0144sko-Mazurski Oddzia\u0142 &hellip; <\/p>\n<p><a class=\"more-link btn\" href=\"https:\/\/www.spak.art.pl\/?p=8200\">Kontynuuj czytanie<\/a><\/p>\n","protected":false},"author":1,"featured_media":0,"comment_status":"closed","ping_status":"closed","sticky":false,"template":"","format":"standard","meta":{"ngg_post_thumbnail":0,"footnotes":""},"categories":[9],"tags":[],"class_list":["post-8200","post","type-post","status-publish","format-standard","hentry","category-aktualnosci","nodate","item-wrap"],"_links":{"self":[{"href":"https:\/\/www.spak.art.pl\/index.php?rest_route=\/wp\/v2\/posts\/8200","targetHints":{"allow":["GET"]}}],"collection":[{"href":"https:\/\/www.spak.art.pl\/index.php?rest_route=\/wp\/v2\/posts"}],"about":[{"href":"https:\/\/www.spak.art.pl\/index.php?rest_route=\/wp\/v2\/types\/post"}],"author":[{"embeddable":true,"href":"https:\/\/www.spak.art.pl\/index.php?rest_route=\/wp\/v2\/users\/1"}],"replies":[{"embeddable":true,"href":"https:\/\/www.spak.art.pl\/index.php?rest_route=%2Fwp%2Fv2%2Fcomments&post=8200"}],"version-history":[{"count":1,"href":"https:\/\/www.spak.art.pl\/index.php?rest_route=\/wp\/v2\/posts\/8200\/revisions"}],"predecessor-version":[{"id":8202,"href":"https:\/\/www.spak.art.pl\/index.php?rest_route=\/wp\/v2\/posts\/8200\/revisions\/8202"}],"wp:attachment":[{"href":"https:\/\/www.spak.art.pl\/index.php?rest_route=%2Fwp%2Fv2%2Fmedia&parent=8200"}],"wp:term":[{"taxonomy":"category","embeddable":true,"href":"https:\/\/www.spak.art.pl\/index.php?rest_route=%2Fwp%2Fv2%2Fcategories&post=8200"},{"taxonomy":"post_tag","embeddable":true,"href":"https:\/\/www.spak.art.pl\/index.php?rest_route=%2Fwp%2Fv2%2Ftags&post=8200"}],"curies":[{"name":"wp","href":"https:\/\/api.w.org\/{rel}","templated":true}]}}