{"id":8234,"date":"2024-02-07T18:21:49","date_gmt":"2024-02-07T18:21:49","guid":{"rendered":"https:\/\/www.spak.art.pl\/?p=8234"},"modified":"2024-02-07T18:21:51","modified_gmt":"2024-02-07T18:21:51","slug":"karykatury-maniuka-w-bielsku-podlaskim","status":"publish","type":"post","link":"https:\/\/www.spak.art.pl\/?p=8234","title":{"rendered":"Karykatury Maniuka w Bielsku Podlaskim"},"content":{"rendered":"\n<p>Od 5 lutego br., w Bielskim Domu Kultury, w Bielsku Podlaskim (ul. 3 Maja 2), mo\u017cna ogl\u0105da\u0107 wystaw\u0119 karykatur Arkadiusza Maniuka. Wystawa jest dost\u0119pna dla zwiedzaj\u0105cych w Galerii Sztuki BDK do 29 lutego br., w godzinach 8.30-16.30. Poni\u017cej prezentujemy kilka zdj\u0119\u0107 z wernisa\u017cu. <\/p>\n\n\n\n<p>Zapraszamy.<\/p>\n\n\n\n<figure class=\"wp-block-image size-full\"><a href=\"https:\/\/www.spak.art.pl\/wp-content\/uploads\/2024\/02\/417445246_10222842084870899_2791633626130213010_n.jpg\"><img loading=\"lazy\" decoding=\"async\" width=\"636\" height=\"900\" src=\"https:\/\/www.spak.art.pl\/wp-content\/uploads\/2024\/02\/417445246_10222842084870899_2791633626130213010_n.jpg\" alt=\"\" class=\"wp-image-8235\" srcset=\"https:\/\/www.spak.art.pl\/wp-content\/uploads\/2024\/02\/417445246_10222842084870899_2791633626130213010_n.jpg 636w, https:\/\/www.spak.art.pl\/wp-content\/uploads\/2024\/02\/417445246_10222842084870899_2791633626130213010_n-212x300.jpg 212w, https:\/\/www.spak.art.pl\/wp-content\/uploads\/2024\/02\/417445246_10222842084870899_2791633626130213010_n-283x400.jpg 283w\" sizes=\"auto, (max-width: 636px) 100vw, 636px\" \/><\/a><\/figure>\n\n\n\n<figure class=\"wp-block-image size-full\"><a href=\"https:\/\/www.spak.art.pl\/wp-content\/uploads\/2024\/02\/417487095_10222842093351111_9221500338624481730_n.jpg\"><img loading=\"lazy\" decoding=\"async\" width=\"900\" height=\"599\" src=\"https:\/\/www.spak.art.pl\/wp-content\/uploads\/2024\/02\/417487095_10222842093351111_9221500338624481730_n.jpg\" alt=\"\" class=\"wp-image-8236\" srcset=\"https:\/\/www.spak.art.pl\/wp-content\/uploads\/2024\/02\/417487095_10222842093351111_9221500338624481730_n.jpg 900w, https:\/\/www.spak.art.pl\/wp-content\/uploads\/2024\/02\/417487095_10222842093351111_9221500338624481730_n-300x200.jpg 300w, https:\/\/www.spak.art.pl\/wp-content\/uploads\/2024\/02\/417487095_10222842093351111_9221500338624481730_n-768x511.jpg 768w, https:\/\/www.spak.art.pl\/wp-content\/uploads\/2024\/02\/417487095_10222842093351111_9221500338624481730_n-601x400.jpg 601w\" sizes=\"auto, (max-width: 900px) 100vw, 900px\" \/><\/a><\/figure>\n\n\n\n<figure class=\"wp-block-image size-full\"><a href=\"https:\/\/www.spak.art.pl\/wp-content\/uploads\/2024\/02\/417475910_10222842096311185_436678670265941623_n.jpg\"><img loading=\"lazy\" decoding=\"async\" width=\"900\" height=\"599\" src=\"https:\/\/www.spak.art.pl\/wp-content\/uploads\/2024\/02\/417475910_10222842096311185_436678670265941623_n.jpg\" alt=\"\" class=\"wp-image-8237\" srcset=\"https:\/\/www.spak.art.pl\/wp-content\/uploads\/2024\/02\/417475910_10222842096311185_436678670265941623_n.jpg 900w, https:\/\/www.spak.art.pl\/wp-content\/uploads\/2024\/02\/417475910_10222842096311185_436678670265941623_n-300x200.jpg 300w, https:\/\/www.spak.art.pl\/wp-content\/uploads\/2024\/02\/417475910_10222842096311185_436678670265941623_n-768x511.jpg 768w, https:\/\/www.spak.art.pl\/wp-content\/uploads\/2024\/02\/417475910_10222842096311185_436678670265941623_n-601x400.jpg 601w\" sizes=\"auto, (max-width: 900px) 100vw, 900px\" \/><\/a><\/figure>\n\n\n\n<figure class=\"wp-block-image size-full\"><a href=\"https:\/\/www.spak.art.pl\/wp-content\/uploads\/2024\/02\/417475055_10222842093511115_8674308195050903436_n.jpg\"><img loading=\"lazy\" decoding=\"async\" width=\"900\" height=\"599\" src=\"https:\/\/www.spak.art.pl\/wp-content\/uploads\/2024\/02\/417475055_10222842093511115_8674308195050903436_n.jpg\" alt=\"\" class=\"wp-image-8238\" srcset=\"https:\/\/www.spak.art.pl\/wp-content\/uploads\/2024\/02\/417475055_10222842093511115_8674308195050903436_n.jpg 900w, https:\/\/www.spak.art.pl\/wp-content\/uploads\/2024\/02\/417475055_10222842093511115_8674308195050903436_n-300x200.jpg 300w, https:\/\/www.spak.art.pl\/wp-content\/uploads\/2024\/02\/417475055_10222842093511115_8674308195050903436_n-768x511.jpg 768w, https:\/\/www.spak.art.pl\/wp-content\/uploads\/2024\/02\/417475055_10222842093511115_8674308195050903436_n-601x400.jpg 601w\" sizes=\"auto, (max-width: 900px) 100vw, 900px\" \/><\/a><\/figure>\n\n\n\n<figure class=\"wp-block-image size-full\"><a href=\"https:\/\/www.spak.art.pl\/wp-content\/uploads\/2024\/02\/419244531_10222842092431088_6651091859171213976_n.jpg\"><img loading=\"lazy\" decoding=\"async\" width=\"900\" height=\"599\" src=\"https:\/\/www.spak.art.pl\/wp-content\/uploads\/2024\/02\/419244531_10222842092431088_6651091859171213976_n.jpg\" alt=\"\" class=\"wp-image-8239\" srcset=\"https:\/\/www.spak.art.pl\/wp-content\/uploads\/2024\/02\/419244531_10222842092431088_6651091859171213976_n.jpg 900w, https:\/\/www.spak.art.pl\/wp-content\/uploads\/2024\/02\/419244531_10222842092431088_6651091859171213976_n-300x200.jpg 300w, https:\/\/www.spak.art.pl\/wp-content\/uploads\/2024\/02\/419244531_10222842092431088_6651091859171213976_n-768x511.jpg 768w, https:\/\/www.spak.art.pl\/wp-content\/uploads\/2024\/02\/419244531_10222842092431088_6651091859171213976_n-601x400.jpg 601w\" sizes=\"auto, (max-width: 900px) 100vw, 900px\" \/><\/a><\/figure>\n","protected":false},"excerpt":{"rendered":"<p>Od 5 lutego br., w Bielskim Domu Kultury, w Bielsku Podlaskim (ul. 3 Maja 2), mo\u017cna ogl\u0105da\u0107 wystaw\u0119 karykatur Arkadiusza Maniuka. Wystawa jest dost\u0119pna dla zwiedzaj\u0105cych w Galerii Sztuki BDK do 29 lutego br., w godzinach 8.30-16.30. Poni\u017cej prezentujemy kilka zdj\u0119\u0107 z wernisa\u017cu. Zapraszamy.<\/p>\n","protected":false},"author":1,"featured_media":0,"comment_status":"closed","ping_status":"closed","sticky":false,"template":"","format":"standard","meta":{"ngg_post_thumbnail":0,"footnotes":""},"categories":[9],"tags":[],"class_list":["post-8234","post","type-post","status-publish","format-standard","hentry","category-aktualnosci","nodate","item-wrap"],"_links":{"self":[{"href":"https:\/\/www.spak.art.pl\/index.php?rest_route=\/wp\/v2\/posts\/8234","targetHints":{"allow":["GET"]}}],"collection":[{"href":"https:\/\/www.spak.art.pl\/index.php?rest_route=\/wp\/v2\/posts"}],"about":[{"href":"https:\/\/www.spak.art.pl\/index.php?rest_route=\/wp\/v2\/types\/post"}],"author":[{"embeddable":true,"href":"https:\/\/www.spak.art.pl\/index.php?rest_route=\/wp\/v2\/users\/1"}],"replies":[{"embeddable":true,"href":"https:\/\/www.spak.art.pl\/index.php?rest_route=%2Fwp%2Fv2%2Fcomments&post=8234"}],"version-history":[{"count":1,"href":"https:\/\/www.spak.art.pl\/index.php?rest_route=\/wp\/v2\/posts\/8234\/revisions"}],"predecessor-version":[{"id":8240,"href":"https:\/\/www.spak.art.pl\/index.php?rest_route=\/wp\/v2\/posts\/8234\/revisions\/8240"}],"wp:attachment":[{"href":"https:\/\/www.spak.art.pl\/index.php?rest_route=%2Fwp%2Fv2%2Fmedia&parent=8234"}],"wp:term":[{"taxonomy":"category","embeddable":true,"href":"https:\/\/www.spak.art.pl\/index.php?rest_route=%2Fwp%2Fv2%2Fcategories&post=8234"},{"taxonomy":"post_tag","embeddable":true,"href":"https:\/\/www.spak.art.pl\/index.php?rest_route=%2Fwp%2Fv2%2Ftags&post=8234"}],"curies":[{"name":"wp","href":"https:\/\/api.w.org\/{rel}","templated":true}]}}