{"id":8242,"date":"2024-02-16T21:35:07","date_gmt":"2024-02-16T21:35:07","guid":{"rendered":"https:\/\/www.spak.art.pl\/?p=8242"},"modified":"2024-02-16T21:36:08","modified_gmt":"2024-02-16T21:36:08","slug":"zmarl-witold-olejarz","status":"publish","type":"post","link":"https:\/\/www.spak.art.pl\/?p=8242","title":{"rendered":"Zmar\u0142 Witold Olejarz"},"content":{"rendered":"\n<figure class=\"wp-block-image size-full\"><a href=\"https:\/\/www.spak.art.pl\/wp-content\/uploads\/2024\/02\/ill_1_oficjalne-foto.jpg\"><img loading=\"lazy\" decoding=\"async\" width=\"666\" height=\"1000\" src=\"https:\/\/www.spak.art.pl\/wp-content\/uploads\/2024\/02\/ill_1_oficjalne-foto.jpg\" alt=\"\" class=\"wp-image-8243\" srcset=\"https:\/\/www.spak.art.pl\/wp-content\/uploads\/2024\/02\/ill_1_oficjalne-foto.jpg 666w, https:\/\/www.spak.art.pl\/wp-content\/uploads\/2024\/02\/ill_1_oficjalne-foto-200x300.jpg 200w, https:\/\/www.spak.art.pl\/wp-content\/uploads\/2024\/02\/ill_1_oficjalne-foto-266x400.jpg 266w\" sizes=\"auto, (max-width: 666px) 100vw, 666px\" \/><\/a><\/figure>\n\n\n\n<p>W dniu 14 lutego br., w wieku 76 lat, zmar\u0142 Witold Olejarz, wieloletni dyrektor teatru Rampa w Warszawie. By\u0142 osob\u0105 zaprzyja\u017anion\u0105 ze SPAK-iem i wieloletnim dobroczy\u0144c\u0105 SPAK-u. Za Jego kadencji dyrektorskiej SPAK zorganizowa\u0142 w Teatrze Rampa w latach 2009-2018 wiele imprez i wystaw:<\/p>\n\n\n\n<p>2009 &#8211; Gala SPAK i wystawa pokonkursowa &#8222;Teatr&#8221; oraz wystawa Andrzeja Mleczki<\/p>\n\n\n\n<p>&nbsp;&nbsp;&nbsp;&nbsp;&nbsp;&nbsp;&nbsp;&nbsp;&nbsp; &#8222;Recenzje teatralne&#8221;<\/p>\n\n\n\n<p>2011 &#8211; Gala SPAK i wystawa pokonkursowa &#8222;Stop za\u015bmiecaniu las\u00f3w&#8221;<\/p>\n\n\n\n<p>2012 &#8211; Gala 25-lecia SPAK i wystawa karykatury polskiej &#8222;Koniec \u017cart\u00f3w&#8221; (prawie 1000 prac<\/p>\n\n\n\n<p>&nbsp;&nbsp;&nbsp;&nbsp;&nbsp;&nbsp;&nbsp;&nbsp;&nbsp;&nbsp; 168 autor\u00f3w)<\/p>\n\n\n\n<p>2013 &#8211; Gala SPAK, benefis 40-lecia pracy artystycznej Witolda Mysyrowicza oraz jego wystawa<\/p>\n\n\n\n<p>&nbsp;&nbsp;&nbsp;&nbsp;&nbsp;&nbsp;&nbsp;&nbsp;&nbsp;&nbsp;&nbsp; &#8222;Po oczach&#8221;<\/p>\n\n\n\n<p>2014 &#8211; Gala SPAK i wystawa pokonkursowa &#8222;A to Polska w\u0142a\u015bnie&#8221;<\/p>\n\n\n\n<p>2016 &#8211; Gala SPAK i wystawy &#8222;Trzy w jednej&#8221;: Wystawa Krzysztofa Grzondziela, wystawa<\/p>\n\n\n\n<p>&nbsp;&nbsp;&nbsp;&nbsp;&nbsp;&nbsp;&nbsp;&nbsp;&nbsp;&nbsp; prac nagrodzonych w konkursach \u017cyrardowskiej &#8222;Manufaktury Satyry&#8221; oraz wystawa&nbsp;&nbsp;&nbsp;&nbsp;&nbsp;&nbsp;&nbsp;&nbsp;&nbsp;<\/p>\n\n\n\n<p>&nbsp;&nbsp;&nbsp;&nbsp;&nbsp;&nbsp;&nbsp;&nbsp;&nbsp; &#8222;Poczet w\u0142adc\u00f3w Polski wg W. Mysyrowicza&#8221;<\/p>\n\n\n\n<p>2018 &#8211; Gala SPAK i mi\u0119dzynarodowa wystawa pokonkursowa &#8222;Wolno\u015b\u0107 &#8211; Freedom&#8221;,<\/p>\n\n\n\n<p>Wszystkim tym wydarzeniom towarzyszy\u0142y koncerty lub spektakle teatralne oraz obfite, dobrze i ze smakiem zakrapiane pocz\u0119stunki.<\/p>\n\n\n\n<p>Dwukrotnie, w latach 2014 i 2018, oby\u0142y sie te\u017c&nbsp; w Teatrze Rampa Walne Zebrania Sprawozdawczo-Wyborcze SPAK-u<\/p>\n\n\n\n<p>Witold Olejarz by\u0142 inicjatorem powstania w Teatrze Rampa Galerii Rampa, bardzo pr\u0119\u017cnie dzia\u0142aj\u0105cej plac\u00f3wki, kierowanej przez Adama Bojar\u0119. W roku 2011 Witold Olejarz zosta\u0142 uhonorowany przez SPAK Ma\u0142ym Erykiem.<\/p>\n\n\n\n<p>Witold Olejarz by\u0142 cz\u0142owiekiem kultury. Dzia\u0142aczem, animatorem i pracownikiem instytucji kulturalnych, m. in. Sto\u0142ecznej Estrady i Biura Kultury i Sztuki Urz\u0119du m.st Warszawa.<\/p>\n\n\n\n<p>W latach 1985-1999 by\u0142 Dyrektorem Zarz\u0105dzaj\u0105cym Teatru Nowego w Warszawie (za dyrekcji artystycznej Adama Hanuszkiewicza).&nbsp; W latach 1998-2021 by\u0142 Dyrektorem Teatru Rampa.<\/p>\n\n\n\n<p>Po likwidacji Teatru Nowego Olejarz przyj\u0105\u0142 do Teatru Rampa ca\u0142y zesp\u00f3\u0142 aktorski zlikwidowanego teatru. Za dyrekcji Olejarza Teatr Rampa prze\u017cywa\u0142 istotny rozkwit, prezentuj\u0105c bardzo r\u00f3\u017cnorodny repertuar i wsp\u00f3\u0142pracuj\u0105c z bardzo wybitnymi artystami. W swych rodzinnych stronach, w Teodor\u00f3wce pod Gr\u00f3jcem, Witold Olejarz rozpocz\u0105\u0142 budow\u0119 monumentalnego o\u015brodka kultury, w kt\u00f3rym (cho\u0107 obiekt nie by\u0142 uko\u0144czony) organizowa\u0142 przez wiele lat, w maju, multiartystyczne wydarzenia (wystawy, plenery, koncerty) pod nazw\u0105 &#8222;Witoldowe Sady&#8221;.<\/p>\n\n\n\n<p>Odszed\u0142 nie tylko Cz\u0142owiek Kultury. Odszed\u0142 przede wszystkim Cz\u0142owiek \u017cyczliwy ludziom, uczynny i bezinteresowny, pogodny, dowcipny, pe\u0142en humoru i dystansu do siebie, pracowity, rzetelny, konsekwentny. Prywatnie, \u015bwietny kucharz. Lubi\u0142 gotowa\u0107 i znakomicie to robi\u0142, czego dawa\u0142 wyraz nie tylko w Teatrze Rampa, ale r\u00f3wnie\u017c w Teodor\u00f3wce.<\/p>\n\n\n\n<p>Cze\u015b\u0107 Jego pami\u0119ci!<\/p>\n\n\n\n<figure class=\"wp-block-image size-full\"><a href=\"https:\/\/www.spak.art.pl\/wp-content\/uploads\/2024\/02\/il_2_Szkic-do-portretu-Witolda-Olejarza.jpg\"><img loading=\"lazy\" decoding=\"async\" width=\"798\" height=\"1000\" src=\"https:\/\/www.spak.art.pl\/wp-content\/uploads\/2024\/02\/il_2_Szkic-do-portretu-Witolda-Olejarza.jpg\" alt=\"\" class=\"wp-image-8244\" srcset=\"https:\/\/www.spak.art.pl\/wp-content\/uploads\/2024\/02\/il_2_Szkic-do-portretu-Witolda-Olejarza.jpg 798w, https:\/\/www.spak.art.pl\/wp-content\/uploads\/2024\/02\/il_2_Szkic-do-portretu-Witolda-Olejarza-239x300.jpg 239w, https:\/\/www.spak.art.pl\/wp-content\/uploads\/2024\/02\/il_2_Szkic-do-portretu-Witolda-Olejarza-768x962.jpg 768w, https:\/\/www.spak.art.pl\/wp-content\/uploads\/2024\/02\/il_2_Szkic-do-portretu-Witolda-Olejarza-319x400.jpg 319w\" sizes=\"auto, (max-width: 798px) 100vw, 798px\" \/><\/a><\/figure>\n\n\n\n<p>Szkic do portretu, autorstwa Witolda Mysyrowicza, ofiarowanego z okazji przej\u015bcia Witolda Olejarza na emerytur\u0119 2021<\/p>\n\n\n\n<figure class=\"wp-block-image size-full\"><a href=\"https:\/\/www.spak.art.pl\/wp-content\/uploads\/2024\/02\/Il_4_Witoldowe-Sady.jpg\"><img loading=\"lazy\" decoding=\"async\" width=\"1000\" height=\"568\" src=\"https:\/\/www.spak.art.pl\/wp-content\/uploads\/2024\/02\/Il_4_Witoldowe-Sady.jpg\" alt=\"\" class=\"wp-image-8245\" srcset=\"https:\/\/www.spak.art.pl\/wp-content\/uploads\/2024\/02\/Il_4_Witoldowe-Sady.jpg 1000w, https:\/\/www.spak.art.pl\/wp-content\/uploads\/2024\/02\/Il_4_Witoldowe-Sady-300x170.jpg 300w, https:\/\/www.spak.art.pl\/wp-content\/uploads\/2024\/02\/Il_4_Witoldowe-Sady-768x436.jpg 768w, https:\/\/www.spak.art.pl\/wp-content\/uploads\/2024\/02\/Il_4_Witoldowe-Sady-704x400.jpg 704w, https:\/\/www.spak.art.pl\/wp-content\/uploads\/2024\/02\/Il_4_Witoldowe-Sady-970x551.jpg 970w\" sizes=\"auto, (max-width: 1000px) 100vw, 1000px\" \/><\/a><\/figure>\n\n\n\n<p>Witold Olejarz w czasie jednej z edycji &#8222;Witoldowych Sad\u00f3w&#8221;<\/p>\n\n\n\n<figure class=\"wp-block-image size-full\"><a href=\"https:\/\/www.spak.art.pl\/wp-content\/uploads\/2024\/02\/Il_5_Dyplom-od-SPAK-u-z-okazji-przejscia-nba-emeryture_2021.jpg\"><img loading=\"lazy\" decoding=\"async\" width=\"707\" height=\"1000\" src=\"https:\/\/www.spak.art.pl\/wp-content\/uploads\/2024\/02\/Il_5_Dyplom-od-SPAK-u-z-okazji-przejscia-nba-emeryture_2021.jpg\" alt=\"\" class=\"wp-image-8246\" srcset=\"https:\/\/www.spak.art.pl\/wp-content\/uploads\/2024\/02\/Il_5_Dyplom-od-SPAK-u-z-okazji-przejscia-nba-emeryture_2021.jpg 707w, https:\/\/www.spak.art.pl\/wp-content\/uploads\/2024\/02\/Il_5_Dyplom-od-SPAK-u-z-okazji-przejscia-nba-emeryture_2021-212x300.jpg 212w, https:\/\/www.spak.art.pl\/wp-content\/uploads\/2024\/02\/Il_5_Dyplom-od-SPAK-u-z-okazji-przejscia-nba-emeryture_2021-283x400.jpg 283w\" sizes=\"auto, (max-width: 707px) 100vw, 707px\" \/><\/a><\/figure>\n\n\n\n<p>Dyplom od SPAKU z okazji przej\u015bcia na emerytur\u0119 w 2012 roku<\/p>\n\n\n\n<figure class=\"wp-block-image size-full\"><a href=\"https:\/\/www.spak.art.pl\/wp-content\/uploads\/2024\/02\/il_6_Gala-30_lecia-SPAK.jpg\"><img loading=\"lazy\" decoding=\"async\" width=\"1000\" height=\"664\" src=\"https:\/\/www.spak.art.pl\/wp-content\/uploads\/2024\/02\/il_6_Gala-30_lecia-SPAK.jpg\" alt=\"\" class=\"wp-image-8247\" srcset=\"https:\/\/www.spak.art.pl\/wp-content\/uploads\/2024\/02\/il_6_Gala-30_lecia-SPAK.jpg 1000w, https:\/\/www.spak.art.pl\/wp-content\/uploads\/2024\/02\/il_6_Gala-30_lecia-SPAK-300x199.jpg 300w, https:\/\/www.spak.art.pl\/wp-content\/uploads\/2024\/02\/il_6_Gala-30_lecia-SPAK-768x510.jpg 768w, https:\/\/www.spak.art.pl\/wp-content\/uploads\/2024\/02\/il_6_Gala-30_lecia-SPAK-602x400.jpg 602w, https:\/\/www.spak.art.pl\/wp-content\/uploads\/2024\/02\/il_6_Gala-30_lecia-SPAK-970x644.jpg 970w\" sizes=\"auto, (max-width: 1000px) 100vw, 1000px\" \/><\/a><\/figure>\n\n\n\n<p>Gala 30-lecia SPAK. Witold Olejarz otrzymuje swoja karykatur\u0119 autorstwa&nbsp;Grzegorza Szumowskiego<\/p>\n","protected":false},"excerpt":{"rendered":"<p>W dniu 14 lutego br., w wieku 76 lat, zmar\u0142 Witold Olejarz, wieloletni dyrektor teatru Rampa w Warszawie. By\u0142 osob\u0105 zaprzyja\u017anion\u0105 ze SPAK-iem i wieloletnim dobroczy\u0144c\u0105 SPAK-u. Za Jego kadencji dyrektorskiej SPAK zorganizowa\u0142 w Teatrze Rampa w latach 2009-2018 wiele imprez i wystaw: 2009 &#8211; Gala SPAK i wystawa pokonkursowa &#8222;Teatr&#8221; oraz wystawa Andrzeja Mleczki &hellip; <\/p>\n<p><a class=\"more-link btn\" href=\"https:\/\/www.spak.art.pl\/?p=8242\">Kontynuuj czytanie<\/a><\/p>\n","protected":false},"author":1,"featured_media":0,"comment_status":"closed","ping_status":"closed","sticky":false,"template":"","format":"standard","meta":{"ngg_post_thumbnail":0,"footnotes":""},"categories":[9],"tags":[],"class_list":["post-8242","post","type-post","status-publish","format-standard","hentry","category-aktualnosci","nodate","item-wrap"],"_links":{"self":[{"href":"https:\/\/www.spak.art.pl\/index.php?rest_route=\/wp\/v2\/posts\/8242","targetHints":{"allow":["GET"]}}],"collection":[{"href":"https:\/\/www.spak.art.pl\/index.php?rest_route=\/wp\/v2\/posts"}],"about":[{"href":"https:\/\/www.spak.art.pl\/index.php?rest_route=\/wp\/v2\/types\/post"}],"author":[{"embeddable":true,"href":"https:\/\/www.spak.art.pl\/index.php?rest_route=\/wp\/v2\/users\/1"}],"replies":[{"embeddable":true,"href":"https:\/\/www.spak.art.pl\/index.php?rest_route=%2Fwp%2Fv2%2Fcomments&post=8242"}],"version-history":[{"count":2,"href":"https:\/\/www.spak.art.pl\/index.php?rest_route=\/wp\/v2\/posts\/8242\/revisions"}],"predecessor-version":[{"id":8250,"href":"https:\/\/www.spak.art.pl\/index.php?rest_route=\/wp\/v2\/posts\/8242\/revisions\/8250"}],"wp:attachment":[{"href":"https:\/\/www.spak.art.pl\/index.php?rest_route=%2Fwp%2Fv2%2Fmedia&parent=8242"}],"wp:term":[{"taxonomy":"category","embeddable":true,"href":"https:\/\/www.spak.art.pl\/index.php?rest_route=%2Fwp%2Fv2%2Fcategories&post=8242"},{"taxonomy":"post_tag","embeddable":true,"href":"https:\/\/www.spak.art.pl\/index.php?rest_route=%2Fwp%2Fv2%2Ftags&post=8242"}],"curies":[{"name":"wp","href":"https:\/\/api.w.org\/{rel}","templated":true}]}}