{"id":8252,"date":"2024-02-27T20:31:26","date_gmt":"2024-02-27T20:31:26","guid":{"rendered":"https:\/\/www.spak.art.pl\/?p=8252"},"modified":"2024-02-27T20:31:28","modified_gmt":"2024-02-27T20:31:28","slug":"ilustracje-tylko-dla-doroslych","status":"publish","type":"post","link":"https:\/\/www.spak.art.pl\/?p=8252","title":{"rendered":"ILUSTRACJE TYLKO DLA DOROS\u0141YCH"},"content":{"rendered":"\n<p><strong>5 marca \u2022\u00a0 godz. 18.00,\u00a0 w Muzeum Karykatury, ul. Kozia 11<\/strong><\/p>\n\n\n\n<p><strong>zapraszamy na spotkanie:<\/strong><\/p>\n\n\n\n<p>Rozmowa wok\u00f3\u0142 ksi\u0105\u017cki&nbsp;<em>Ni\u0107 porozumienia<\/em>&nbsp;o serii wydawniczej Biblioteka Jednoro\u017cca oraz ilustracji w&nbsp;ksi\u0105\u017ckach dla doros\u0142ych czytelnik\u00f3w<\/p>\n\n\n\n<p><strong>O spotkaniu<\/strong><\/p>\n\n\n\n<p>Kt\u00f3\u017c nie pami\u0119ta niewielkich, smuk\u0142ych tomik\u00f3w wydawanych w serii Biblioteka Jednoro\u017cca? Opr\u00f3cz ambitnych autor\u00f3w i t\u0142umaczy wyr\u00f3\u017cnia\u0142a je obecno\u015b\u0107 ilustracji tworzonych przez najlepszych polskich grafik\u00f3w, rysownik\u00f3w i malarzy. Podczas spotkania fenomen Biblioteki Jednoro\u017cca b\u0119dzie punktem odbicia do rozmowy o ilustracji w ksi\u0105\u017ckach dla doros\u0142ych czytelnik\u00f3w.<\/p>\n\n\n\n<p>Rozmow\u0119 z udzia\u0142em Janusza G\u00f3rskiego \u2013 projektanta i wydawcy i Piotra Ku\u0142aka \u2013 historyka sztuki, autora ksi\u0105\u017cki \u201eNi\u0107 porozumienia\u201d poprowadzi Anita Wincencjusz-Patyna.<\/p>\n\n\n\n<p><strong>O ksi\u0105\u017cce&nbsp;<em>Ni\u0107 porozumienia<\/em><\/strong><\/p>\n\n\n\n<p>Spora grupa czytelnik\u00f3w \u015bredniego i starszego pokolenia zapewne pami\u0119ta smuk\u0142e, kieszonkowe tomiki z charakterystycznym, umieszczonym w g\u00f3rnym prawym rogu ok\u0142adki, rysunkiem jednoro\u017cca. Pa\u0144stwowy Instytut Wydawniczy, wydawca serii Biblioteka Jednoro\u017cca w ci\u0105gu prawie trzydziestu lat opublikowa\u0142 132 tytu\u0142y, przede wszystkim niewielkie formy \u2013 nowelistyk\u0119 i opowiadania, z literatury polskiej i \u015bwiatowej. Teksty swoimi rysunkami ozdobi\u0142o 86 znakomitych polskich rysownik\u00f3w, grafik\u00f3w i malarzy.<\/p>\n\n\n\n<p>Ukazuj\u0105ca si\u0119 w latach 1957\u20131990 seria PIW-u by\u0142a unikatowym przyk\u0142adem r\u00f3wnowa\u017cnej wsp\u00f3\u0142pracy tw\u00f3rc\u00f3w \u2013 obrazy nie pe\u0142ni\u0142y podrz\u0119dnej funkcji ilustrowania tre\u015bci literackiej, lecz stanowi\u0142y komentarz czy te\u017c kontrapunkt dla tekstu. R\u00f3\u017cne przyk\u0142ady tej relacji, a tak\u017ce samo zagadnienie ilustrowania ksi\u0105\u017cek dla doros\u0142ego czytelnika zosta\u0142y przez doktora Piotra Ku\u0142aka kompetentnie i dog\u0142\u0119bnie om\u00f3wione oraz poddane erudycyjnej analizie. Monografia jest bogato opatrzona reprodukcjami. \u201eNi\u0107 porozumienia\u201d Piotra Ku\u0142aka to ksi\u0105\u017cka wa\u017cna dla koneser\u00f3w, wydana przez gda\u0144ski czysty warsztat i PIW. Publikacja ukaza\u0142a si\u0119 w serii \u201eSztuka Ksi\u0105\u017cki \u2013 Biblioteka pod Redakcj\u0105 Janusza G\u00f3rskiego\u201d.<\/p>\n\n\n\n<p><strong>Uczestnicy spotkania<\/strong><\/p>\n\n\n\n<p><strong>Janusz G\u00f3rski<\/strong>&nbsp;\u2013 projektant ksi\u0105\u017cek i wydawca, kurator i projektant wystaw indywidualnych tw\u00f3rc\u00f3w polskiej szko\u0142y grafiki, profesor na Wydziale Grafiki Akademii Sztuk Pi\u0119knych w Gda\u0144sku. Od lat projektuje ksi\u0105\u017cki dla najwa\u017cniejszych instytucji polskiej kultury (Muzeum Narodowe w Warszawie, \u0141azienki Kr\u00f3lewskie, Narodowe Centrum Kultury, Teatr Narodowy). Wsp\u00f3\u0142za\u0142o\u017cyciel (razem ze Stanis\u0142awem Ro\u015bkiem) wydawnictwa S\u0142owo\/Obraz terytoria. Redaktor naczelny i dyrektor artystyczny wydawnictwa czysty warsztat. W\u0142a\u015bciciel i dyrektor artystyczny studia graficznego Pracownia. Redaktor serii wydawniczej Biblioteka typografii.<\/p>\n\n\n\n<p>Kurator Galerii Plakatu AMS. Autor ksi\u0105\u017cki&nbsp;<em>Dos\u0142ownie. Liternicze i typograficzne ok\u0142adki polskich ksi\u0105\u017cek 1944\u20132019<\/em>&nbsp;(2020) oraz tom\u00f3w rozm\u00f3w z tw\u00f3rcami polskiej szko\u0142y grafiki:&nbsp;<em>Jak kto\u015b m\u00f3g\u0142 na to pozwoli\u0107!<\/em>&nbsp;(2011),&nbsp;<em>J\u00f3zef Wilko\u0144. Szum drzew<\/em>&nbsp;(2013),&nbsp;<em>Wojciech Fangor: Ja<\/em>&nbsp;(2014),&nbsp;<em>Kilian dzieciom<\/em>&nbsp;(2014),&nbsp;<em>Mieczys\u0142aw Wasilewski versus Janusz G\u00f3rski<\/em>&nbsp;(2018),&nbsp;<em>Ballada o dziewczynie<\/em>&nbsp;(rozmowa z Ew\u0105 Frysztak, 2020). Wielokrotnie nagradzany i wyr\u00f3\u017cniany w konkursie Najpi\u0119kniejsze Ksi\u0105\u017cki Roku, laureat Nagrody Honorowej Polskiego Towarzystwa Wydawc\u00f3w Ksi\u0105\u017cek.<\/p>\n\n\n\n<p><strong>Piotr Ku\u0142ak<\/strong>&nbsp;\u2013 historyk sztuki, muzealnik, doktor nauk humanistycznych w dyscyplinie nauki o sztuce. Kustosz dyplomowany, Kierownik Dzia\u0142u Zbior\u00f3w i Dokumentacji Muzeum Karykatury w Warszawie im. Eryka Lipi\u0144skiego. Cz\u0142onek ICOM. Autor wystaw, katalog\u00f3w i artyku\u0142\u00f3w po\u015bwi\u0119conych rysunkowi satyrycznemu, karykaturze i grafice u\u017cytkowej. Redaktor tomu&nbsp;<em>Cia\u0142o w karykaturze, karykatura cia\u0142a w sztuce<\/em>&nbsp;(2021) oraz autor monografii&nbsp;<em>Ni\u0107 porozumienia. Ilustracje w ksi\u0105\u017ckach serii Biblioteka Jednoro\u017cca<\/em>&nbsp;(2022).<\/p>\n\n\n\n<p><strong>Anita Wincencjusz-Patyna<\/strong>\u00a0\u2013 historyczka i krytyczka sztuki, doktor nauk humanistycznych w dyscyplinie nauk o sztuce. Adiunktka i Kierowniczka Katedry Historii Sztuki i Filozofii w Akademii Sztuk Pi\u0119knych we Wroc\u0142awiu. Autorka ksi\u0105\u017cek i artyku\u0142\u00f3w dotycz\u0105cych historii i teorii ilustracji. Redaktorka naczelna publikacji\u00a0<em>Admira\u0142owie wyobra\u017ani. 100 lat polskiej ilustracji w ksi\u0105\u017ckach dla dzieci.<\/em>\u00a0Cz\u0142onkini jury BIBF ANANAS Illustration Exhibition w Pekinie oraz og\u00f3lnopolskich konkurs\u00f3w: \u201eKsi\u0105\u017cka Roku\u201d PS IBBY (w kategorii graficznej), \u201ePi\u00f3ro Fredry\u201d i \u201eDobre Strony\u201d oraz \u201eSzkic ma moc\u201d. Kuratorka wystaw po\u015bwi\u0119conych ilustracji ksi\u0105\u017ckowej i sztuce wsp\u00f3\u0142czesnej. Cz\u0142onkini Polskiej Sekcji IBBY.\u00a0<\/p>\n\n\n\n<figure class=\"wp-block-image size-full\"><a href=\"https:\/\/www.spak.art.pl\/wp-content\/uploads\/2024\/02\/Nic-porozumienia-zaproszenie1.png\"><img loading=\"lazy\" decoding=\"async\" width=\"900\" height=\"869\" src=\"https:\/\/www.spak.art.pl\/wp-content\/uploads\/2024\/02\/Nic-porozumienia-zaproszenie1.png\" alt=\"\" class=\"wp-image-8253\" srcset=\"https:\/\/www.spak.art.pl\/wp-content\/uploads\/2024\/02\/Nic-porozumienia-zaproszenie1.png 900w, https:\/\/www.spak.art.pl\/wp-content\/uploads\/2024\/02\/Nic-porozumienia-zaproszenie1-300x290.png 300w, https:\/\/www.spak.art.pl\/wp-content\/uploads\/2024\/02\/Nic-porozumienia-zaproszenie1-768x742.png 768w, https:\/\/www.spak.art.pl\/wp-content\/uploads\/2024\/02\/Nic-porozumienia-zaproszenie1-414x400.png 414w\" sizes=\"auto, (max-width: 900px) 100vw, 900px\" \/><\/a><\/figure>\n","protected":false},"excerpt":{"rendered":"<p>5 marca \u2022\u00a0 godz. 18.00,\u00a0 w Muzeum Karykatury, ul. Kozia 11 zapraszamy na spotkanie: Rozmowa wok\u00f3\u0142 ksi\u0105\u017cki&nbsp;Ni\u0107 porozumienia&nbsp;o serii wydawniczej Biblioteka Jednoro\u017cca oraz ilustracji w&nbsp;ksi\u0105\u017ckach dla doros\u0142ych czytelnik\u00f3w O spotkaniu Kt\u00f3\u017c nie pami\u0119ta niewielkich, smuk\u0142ych tomik\u00f3w wydawanych w serii Biblioteka Jednoro\u017cca? Opr\u00f3cz ambitnych autor\u00f3w i t\u0142umaczy wyr\u00f3\u017cnia\u0142a je obecno\u015b\u0107 ilustracji tworzonych przez najlepszych polskich grafik\u00f3w, &hellip; <\/p>\n<p><a class=\"more-link btn\" href=\"https:\/\/www.spak.art.pl\/?p=8252\">Kontynuuj czytanie<\/a><\/p>\n","protected":false},"author":1,"featured_media":0,"comment_status":"closed","ping_status":"closed","sticky":false,"template":"","format":"standard","meta":{"ngg_post_thumbnail":0,"footnotes":""},"categories":[9],"tags":[],"class_list":["post-8252","post","type-post","status-publish","format-standard","hentry","category-aktualnosci","nodate","item-wrap"],"_links":{"self":[{"href":"https:\/\/www.spak.art.pl\/index.php?rest_route=\/wp\/v2\/posts\/8252","targetHints":{"allow":["GET"]}}],"collection":[{"href":"https:\/\/www.spak.art.pl\/index.php?rest_route=\/wp\/v2\/posts"}],"about":[{"href":"https:\/\/www.spak.art.pl\/index.php?rest_route=\/wp\/v2\/types\/post"}],"author":[{"embeddable":true,"href":"https:\/\/www.spak.art.pl\/index.php?rest_route=\/wp\/v2\/users\/1"}],"replies":[{"embeddable":true,"href":"https:\/\/www.spak.art.pl\/index.php?rest_route=%2Fwp%2Fv2%2Fcomments&post=8252"}],"version-history":[{"count":2,"href":"https:\/\/www.spak.art.pl\/index.php?rest_route=\/wp\/v2\/posts\/8252\/revisions"}],"predecessor-version":[{"id":8255,"href":"https:\/\/www.spak.art.pl\/index.php?rest_route=\/wp\/v2\/posts\/8252\/revisions\/8255"}],"wp:attachment":[{"href":"https:\/\/www.spak.art.pl\/index.php?rest_route=%2Fwp%2Fv2%2Fmedia&parent=8252"}],"wp:term":[{"taxonomy":"category","embeddable":true,"href":"https:\/\/www.spak.art.pl\/index.php?rest_route=%2Fwp%2Fv2%2Fcategories&post=8252"},{"taxonomy":"post_tag","embeddable":true,"href":"https:\/\/www.spak.art.pl\/index.php?rest_route=%2Fwp%2Fv2%2Ftags&post=8252"}],"curies":[{"name":"wp","href":"https:\/\/api.w.org\/{rel}","templated":true}]}}