{"id":8280,"date":"2024-03-16T15:35:36","date_gmt":"2024-03-16T15:35:36","guid":{"rendered":"https:\/\/www.spak.art.pl\/?p=8280"},"modified":"2024-03-16T15:35:37","modified_gmt":"2024-03-16T15:35:37","slug":"belniak-w-muzeum-narciarstwa","status":"publish","type":"post","link":"https:\/\/www.spak.art.pl\/?p=8280","title":{"rendered":"Belniak w Muzeum Narciarstwa"},"content":{"rendered":"\n<p>W niedziel\u0119, 24 marca br., o godz. 18.00, w Muzeum Narciarstwa im. Stanis\u0142awa Barabasza, w Cieklinie, odb\u0119dzie si\u0119 wernisa\u017c wystawy rysunk\u00f3w Bart\u0142omieja Belniaka. Zapraszamy.<\/p>\n\n\n\n<figure class=\"wp-block-image size-full\"><a href=\"https:\/\/www.spak.art.pl\/wp-content\/uploads\/2024\/03\/Muzeum_Narciarswa_CIEKLIN_Belniak_wystawa_032024__PLAKAT.jpg\"><img loading=\"lazy\" decoding=\"async\" width=\"636\" height=\"900\" src=\"https:\/\/www.spak.art.pl\/wp-content\/uploads\/2024\/03\/Muzeum_Narciarswa_CIEKLIN_Belniak_wystawa_032024__PLAKAT.jpg\" alt=\"\" class=\"wp-image-8281\" srcset=\"https:\/\/www.spak.art.pl\/wp-content\/uploads\/2024\/03\/Muzeum_Narciarswa_CIEKLIN_Belniak_wystawa_032024__PLAKAT.jpg 636w, https:\/\/www.spak.art.pl\/wp-content\/uploads\/2024\/03\/Muzeum_Narciarswa_CIEKLIN_Belniak_wystawa_032024__PLAKAT-212x300.jpg 212w, https:\/\/www.spak.art.pl\/wp-content\/uploads\/2024\/03\/Muzeum_Narciarswa_CIEKLIN_Belniak_wystawa_032024__PLAKAT-283x400.jpg 283w\" sizes=\"auto, (max-width: 636px) 100vw, 636px\" \/><\/a><\/figure>\n","protected":false},"excerpt":{"rendered":"<p>W niedziel\u0119, 24 marca br., o godz. 18.00, w Muzeum Narciarstwa im. Stanis\u0142awa Barabasza, w Cieklinie, odb\u0119dzie si\u0119 wernisa\u017c wystawy rysunk\u00f3w Bart\u0142omieja Belniaka. Zapraszamy.<\/p>\n","protected":false},"author":1,"featured_media":0,"comment_status":"closed","ping_status":"closed","sticky":false,"template":"","format":"standard","meta":{"ngg_post_thumbnail":0,"footnotes":""},"categories":[9],"tags":[],"class_list":["post-8280","post","type-post","status-publish","format-standard","hentry","category-aktualnosci","nodate","item-wrap"],"_links":{"self":[{"href":"https:\/\/www.spak.art.pl\/index.php?rest_route=\/wp\/v2\/posts\/8280","targetHints":{"allow":["GET"]}}],"collection":[{"href":"https:\/\/www.spak.art.pl\/index.php?rest_route=\/wp\/v2\/posts"}],"about":[{"href":"https:\/\/www.spak.art.pl\/index.php?rest_route=\/wp\/v2\/types\/post"}],"author":[{"embeddable":true,"href":"https:\/\/www.spak.art.pl\/index.php?rest_route=\/wp\/v2\/users\/1"}],"replies":[{"embeddable":true,"href":"https:\/\/www.spak.art.pl\/index.php?rest_route=%2Fwp%2Fv2%2Fcomments&post=8280"}],"version-history":[{"count":1,"href":"https:\/\/www.spak.art.pl\/index.php?rest_route=\/wp\/v2\/posts\/8280\/revisions"}],"predecessor-version":[{"id":8282,"href":"https:\/\/www.spak.art.pl\/index.php?rest_route=\/wp\/v2\/posts\/8280\/revisions\/8282"}],"wp:attachment":[{"href":"https:\/\/www.spak.art.pl\/index.php?rest_route=%2Fwp%2Fv2%2Fmedia&parent=8280"}],"wp:term":[{"taxonomy":"category","embeddable":true,"href":"https:\/\/www.spak.art.pl\/index.php?rest_route=%2Fwp%2Fv2%2Fcategories&post=8280"},{"taxonomy":"post_tag","embeddable":true,"href":"https:\/\/www.spak.art.pl\/index.php?rest_route=%2Fwp%2Fv2%2Ftags&post=8280"}],"curies":[{"name":"wp","href":"https:\/\/api.w.org\/{rel}","templated":true}]}}