{"id":8329,"date":"2024-03-28T17:53:03","date_gmt":"2024-03-28T17:53:03","guid":{"rendered":"https:\/\/www.spak.art.pl\/?p=8329"},"modified":"2024-03-28T17:53:04","modified_gmt":"2024-03-28T17:53:04","slug":"michal-graczyk-wrzuci-na-luz-w-bielsku-bialej","status":"publish","type":"post","link":"https:\/\/www.spak.art.pl\/?p=8329","title":{"rendered":"Micha\u0142 Graczyk WRZUCI NA LUZ w Bielsku-Bia\u0142ej"},"content":{"rendered":"\n<p><strong>Od 4 do 25 kwietnia 2024 (Wernisa\u017c w ramach Festiwalu Kabaretowego Fermenty w sobot\u0119 6 kwietnia o godz. 11.00) prezentowana b\u0119dzie w Ksi\u0105\u017cnicy Beskidzkiej w Bielsku-Bia\u0142ej wystawa autorskich prac Micha\u0142a Graczyka.<\/strong><\/p>\n\n\n\n<p>Tym razem na wystawie Graczyka eksponowane b\u0119d\u0105 nie tylko typowo satyryczne rysunki, wykonane w charakterystycznej dla niego, rozpoznawalnej na pierwszy rzut oka stylistyce, ale pokazane zostan\u0105 tak\u017ce nieco \u201ebardziej powa\u017cne\u201d obrazki, a wi\u0119c portrety znanych postaci artystycznego \u015bwiata, m.in. Marylin Monroe, Witolda&nbsp; Gombrowicza i Fryderyka Szopena oraz przemy\u015blane wielobarwne kola\u017ce odwo\u0142uj\u0105ce si\u0119 bezpo\u015brednio do popkultury.<\/p>\n\n\n\n<p>Wernisa\u017c wystawy, o jak\u017ce ujmuj\u0105cym tytule \u015aniadanie Misi\u00f3w (W ko\u0144cu jednym z jego g\u0142\u00f3wnych da\u0144 b\u0119dzie obecno\u015b\u0107 samego mistrza\u2026 Mi\u015bka Graczyka), to wydarzenie samo w sobie, poniewa\u017c jako wa\u017cna cz\u0119\u015b\u0107 sk\u0142adowa tegorocznej edycji Festiwalu Kabaretowego Fermenty, obok zaserwowania du\u017cej dawki zr\u00f3\u017cnicowanej autorskiej \u201eplastykosatyry\u201d, z marszu zaprosi wszystkich uczestnik\u00f3w wernisa\u017cowego otwarcia na wyst\u0119p kabareciarza \u015acibora Szpaka \u2013 nietuzinkowego artysty, kt\u00f3ry zupe\u0142nie (nie)przypadkowo zaprezentuje program nawi\u0105zuj\u0105cy do obraz\u00f3w wielkich mistrz\u00f3w. &nbsp;&nbsp;<\/p>\n\n\n\n<p>Jak zapewniaj\u0105 organizatorzy, podczas sobotniego \u015aniadania Misi\u00f3w pojawi\u0105 si\u0119 \u015bniadaniowe kanapki z pierwszej r\u0119ki. Najprawdopodobniej w kolorze \u017c\u00f3\u0142tym, bo to wiod\u0105ca barwa fermentuj\u0105cego festiwalu. I poza dyskusj\u0105: z jajem. Bo skoro wystawa i wernisa\u017c z jajem, to i kanapki musz\u0105 by\u0107\u2026 \u015bmieszne, a wi\u0119c co najmniej z past\u0105 jajeczn\u0105. Ekscytuj\u0105co zapowiada si\u0119 r\u00f3wnie\u017c aran\u017cacja samej wystawy, od kt\u00f3rej mo\u017ce\u2026 dwoi\u0107 si\u0119 w oczach. W sumie nic dziwnego, bo Bielsko-Bia\u0142a to miasto, w kt\u00f3rym, jak m\u00f3wi popularny slogan, prze\u017cyjesz dwa razy wi\u0119cej.<\/p>\n\n\n\n<p>Wystawa Micha\u0142a Graczyka jest kolejn\u0105 prezentacj\u0105 w stolicy Podbeskidzia uznanego rysownika satyrycznego. W ramach cyklu \u2026WRZUCI\u0141 NA LUZ swoje prace pokazali ju\u017c S\u0142awomir \u0141uczy\u0144ski i Bart\u0142omiej Belniak. Kuratorem wystawy, tak samo jak w poprzednich przypadkach, jest Lech Kotwicz.\u00a0<\/p>\n\n\n\n<figure class=\"wp-block-image size-full\"><a href=\"https:\/\/www.spak.art.pl\/wp-content\/uploads\/2024\/03\/dwoi-sie-w-oczach.jpg\"><img loading=\"lazy\" decoding=\"async\" width=\"824\" height=\"1000\" src=\"https:\/\/www.spak.art.pl\/wp-content\/uploads\/2024\/03\/dwoi-sie-w-oczach.jpg\" alt=\"\" class=\"wp-image-8330\" srcset=\"https:\/\/www.spak.art.pl\/wp-content\/uploads\/2024\/03\/dwoi-sie-w-oczach.jpg 824w, https:\/\/www.spak.art.pl\/wp-content\/uploads\/2024\/03\/dwoi-sie-w-oczach-247x300.jpg 247w, https:\/\/www.spak.art.pl\/wp-content\/uploads\/2024\/03\/dwoi-sie-w-oczach-768x932.jpg 768w, https:\/\/www.spak.art.pl\/wp-content\/uploads\/2024\/03\/dwoi-sie-w-oczach-330x400.jpg 330w\" sizes=\"auto, (max-width: 824px) 100vw, 824px\" \/><\/a><\/figure>\n\n\n\n<figure class=\"wp-block-image size-full\"><a href=\"https:\/\/www.spak.art.pl\/wp-content\/uploads\/2024\/03\/PLAKAT-SNIADANIE-MISIOW.jpg\"><img loading=\"lazy\" decoding=\"async\" width=\"707\" height=\"1000\" src=\"https:\/\/www.spak.art.pl\/wp-content\/uploads\/2024\/03\/PLAKAT-SNIADANIE-MISIOW.jpg\" alt=\"\" class=\"wp-image-8331\" srcset=\"https:\/\/www.spak.art.pl\/wp-content\/uploads\/2024\/03\/PLAKAT-SNIADANIE-MISIOW.jpg 707w, https:\/\/www.spak.art.pl\/wp-content\/uploads\/2024\/03\/PLAKAT-SNIADANIE-MISIOW-212x300.jpg 212w, https:\/\/www.spak.art.pl\/wp-content\/uploads\/2024\/03\/PLAKAT-SNIADANIE-MISIOW-283x400.jpg 283w\" sizes=\"auto, (max-width: 707px) 100vw, 707px\" \/><\/a><\/figure>\n","protected":false},"excerpt":{"rendered":"<p>Od 4 do 25 kwietnia 2024 (Wernisa\u017c w ramach Festiwalu Kabaretowego Fermenty w sobot\u0119 6 kwietnia o godz. 11.00) prezentowana b\u0119dzie w Ksi\u0105\u017cnicy Beskidzkiej w Bielsku-Bia\u0142ej wystawa autorskich prac Micha\u0142a Graczyka. Tym razem na wystawie Graczyka eksponowane b\u0119d\u0105 nie tylko typowo satyryczne rysunki, wykonane w charakterystycznej dla niego, rozpoznawalnej na pierwszy rzut oka stylistyce, ale &hellip; <\/p>\n<p><a class=\"more-link btn\" href=\"https:\/\/www.spak.art.pl\/?p=8329\">Kontynuuj czytanie<\/a><\/p>\n","protected":false},"author":1,"featured_media":0,"comment_status":"closed","ping_status":"closed","sticky":false,"template":"","format":"standard","meta":{"ngg_post_thumbnail":0,"footnotes":""},"categories":[9],"tags":[],"class_list":["post-8329","post","type-post","status-publish","format-standard","hentry","category-aktualnosci","nodate","item-wrap"],"_links":{"self":[{"href":"https:\/\/www.spak.art.pl\/index.php?rest_route=\/wp\/v2\/posts\/8329","targetHints":{"allow":["GET"]}}],"collection":[{"href":"https:\/\/www.spak.art.pl\/index.php?rest_route=\/wp\/v2\/posts"}],"about":[{"href":"https:\/\/www.spak.art.pl\/index.php?rest_route=\/wp\/v2\/types\/post"}],"author":[{"embeddable":true,"href":"https:\/\/www.spak.art.pl\/index.php?rest_route=\/wp\/v2\/users\/1"}],"replies":[{"embeddable":true,"href":"https:\/\/www.spak.art.pl\/index.php?rest_route=%2Fwp%2Fv2%2Fcomments&post=8329"}],"version-history":[{"count":1,"href":"https:\/\/www.spak.art.pl\/index.php?rest_route=\/wp\/v2\/posts\/8329\/revisions"}],"predecessor-version":[{"id":8332,"href":"https:\/\/www.spak.art.pl\/index.php?rest_route=\/wp\/v2\/posts\/8329\/revisions\/8332"}],"wp:attachment":[{"href":"https:\/\/www.spak.art.pl\/index.php?rest_route=%2Fwp%2Fv2%2Fmedia&parent=8329"}],"wp:term":[{"taxonomy":"category","embeddable":true,"href":"https:\/\/www.spak.art.pl\/index.php?rest_route=%2Fwp%2Fv2%2Fcategories&post=8329"},{"taxonomy":"post_tag","embeddable":true,"href":"https:\/\/www.spak.art.pl\/index.php?rest_route=%2Fwp%2Fv2%2Ftags&post=8329"}],"curies":[{"name":"wp","href":"https:\/\/api.w.org\/{rel}","templated":true}]}}