{"id":8435,"date":"2024-05-13T17:09:55","date_gmt":"2024-05-13T17:09:55","guid":{"rendered":"https:\/\/www.spak.art.pl\/?p=8435"},"modified":"2024-05-13T17:22:50","modified_gmt":"2024-05-13T17:22:50","slug":"wielka-gala-karykatury-fotorelacja","status":"publish","type":"post","link":"https:\/\/www.spak.art.pl\/?p=8435","title":{"rendered":"Wielka Gala Karykatury &#8211; fotorelacja"},"content":{"rendered":"\n<p>W minion\u0105 sobot\u0119, 11 maja br., w Muzeum Karykatury w Warszawie, odby\u0142a si\u0119 Wielka Gala Karykatury, podczas kt\u00f3rej wr\u0119czone zosta\u0142y nagrody laureatom tegorocznej edycji konkursu na rysunek satyryczny im. A. Wo\u0142osa oraz wr\u0119czenie Eryk\u00f3w \u2013 dorocznych nagr\u00f3d Stowarzyszenia Polskich artyst\u00f3w Karykatury. Go\u015bci powita\u0142 dyrektor Muzeum Karykatury, dr Pawe\u0142 P\u0142oski. Mateusz Kossakowski \u2013 prezes Warmi\u0144sko-Mazurskiego Oddzia\u0142u Stowarzyszenia Dziennikarzy Polskich opowiedzia\u0142 o konkursie przybli\u017caj\u0105c sylwetk\u0119 patrona A. Wo\u0142osa. Wr\u0119czanie nagr\u00f3d poprowadzi\u0142 Zbigniew Piszczako \u2013 pomys\u0142odawca i organizator konkursu. Po wr\u0119czeniu nagr\u00f3d prezes SPAK Tomek Niewiadomski wr\u0119cza\u0142 statuetki laureatom Eryk\u00f3w \u2013 dorocznych nagr\u00f3d SPAK, przyznawanych od 1999 roku. Po wr\u0119czeniu Eryk\u00f3w odby\u0142o si\u0119&nbsp; otwarcie wystawy plenerowej 2.5 edycji Otwartego Mi\u0119dzynarodowego Konkursu na Rysunek Satyryczny \u201eJubileusz\u201d. Na wystaw\u0119 zaprasza\u0142a Agnieszka Chuda z Dzia\u0142u Promocji i Organizacji Wydarze\u0144 <a href=\"https:\/\/biblioteka.zgora.pl\/\">Wojew\u00f3dzkiej i Miejskiej Biblioteki Publicznej im. C. Norwida<\/a> w Zielonej G\u00f3rze.<\/p>\n\n\n\n<figure class=\"wp-block-image size-full\"><a href=\"https:\/\/www.spak.art.pl\/wp-content\/uploads\/2024\/05\/20240511_181137.jpg\"><img loading=\"lazy\" decoding=\"async\" width=\"1000\" height=\"750\" src=\"https:\/\/www.spak.art.pl\/wp-content\/uploads\/2024\/05\/20240511_181137.jpg\" alt=\"\" class=\"wp-image-8436\" srcset=\"https:\/\/www.spak.art.pl\/wp-content\/uploads\/2024\/05\/20240511_181137.jpg 1000w, https:\/\/www.spak.art.pl\/wp-content\/uploads\/2024\/05\/20240511_181137-300x225.jpg 300w, https:\/\/www.spak.art.pl\/wp-content\/uploads\/2024\/05\/20240511_181137-768x576.jpg 768w, https:\/\/www.spak.art.pl\/wp-content\/uploads\/2024\/05\/20240511_181137-533x400.jpg 533w, https:\/\/www.spak.art.pl\/wp-content\/uploads\/2024\/05\/20240511_181137-970x728.jpg 970w\" sizes=\"auto, (max-width: 1000px) 100vw, 1000px\" \/><\/a><\/figure>\n\n\n\n<figure class=\"wp-block-image size-full\"><a href=\"https:\/\/www.spak.art.pl\/wp-content\/uploads\/2024\/05\/ZBP_9609.jpg\"><img loading=\"lazy\" decoding=\"async\" width=\"1000\" height=\"666\" src=\"https:\/\/www.spak.art.pl\/wp-content\/uploads\/2024\/05\/ZBP_9609.jpg\" alt=\"\" class=\"wp-image-8437\" srcset=\"https:\/\/www.spak.art.pl\/wp-content\/uploads\/2024\/05\/ZBP_9609.jpg 1000w, https:\/\/www.spak.art.pl\/wp-content\/uploads\/2024\/05\/ZBP_9609-300x200.jpg 300w, https:\/\/www.spak.art.pl\/wp-content\/uploads\/2024\/05\/ZBP_9609-768x511.jpg 768w, https:\/\/www.spak.art.pl\/wp-content\/uploads\/2024\/05\/ZBP_9609-601x400.jpg 601w, https:\/\/www.spak.art.pl\/wp-content\/uploads\/2024\/05\/ZBP_9609-970x646.jpg 970w\" sizes=\"auto, (max-width: 1000px) 100vw, 1000px\" \/><\/a><\/figure>\n\n\n\n<figure class=\"wp-block-image size-full\"><a href=\"https:\/\/www.spak.art.pl\/wp-content\/uploads\/2024\/05\/ZBP_9625.jpg\"><img loading=\"lazy\" decoding=\"async\" width=\"1000\" height=\"666\" src=\"https:\/\/www.spak.art.pl\/wp-content\/uploads\/2024\/05\/ZBP_9625.jpg\" alt=\"\" class=\"wp-image-8438\" srcset=\"https:\/\/www.spak.art.pl\/wp-content\/uploads\/2024\/05\/ZBP_9625.jpg 1000w, https:\/\/www.spak.art.pl\/wp-content\/uploads\/2024\/05\/ZBP_9625-300x200.jpg 300w, https:\/\/www.spak.art.pl\/wp-content\/uploads\/2024\/05\/ZBP_9625-768x511.jpg 768w, https:\/\/www.spak.art.pl\/wp-content\/uploads\/2024\/05\/ZBP_9625-601x400.jpg 601w, https:\/\/www.spak.art.pl\/wp-content\/uploads\/2024\/05\/ZBP_9625-970x646.jpg 970w\" sizes=\"auto, (max-width: 1000px) 100vw, 1000px\" \/><\/a><figcaption>Zbigniew Piszczako otwiera uroczysto\u015b\u0107 wr\u0119czenia nagr\u00f3d, z prawej dyrektor MK dr Pawe\u0142 P\u0142oski, z ty\u0142u Mateusz Kossakowski, z SDP<\/figcaption><\/figure>\n\n\n\n<figure class=\"wp-block-image size-full\"><a href=\"https:\/\/www.spak.art.pl\/wp-content\/uploads\/2024\/05\/ZBP_9684.jpg\"><img loading=\"lazy\" decoding=\"async\" width=\"1000\" height=\"665\" src=\"https:\/\/www.spak.art.pl\/wp-content\/uploads\/2024\/05\/ZBP_9684.jpg\" alt=\"\" class=\"wp-image-8439\" srcset=\"https:\/\/www.spak.art.pl\/wp-content\/uploads\/2024\/05\/ZBP_9684.jpg 1000w, https:\/\/www.spak.art.pl\/wp-content\/uploads\/2024\/05\/ZBP_9684-300x200.jpg 300w, https:\/\/www.spak.art.pl\/wp-content\/uploads\/2024\/05\/ZBP_9684-768x511.jpg 768w, https:\/\/www.spak.art.pl\/wp-content\/uploads\/2024\/05\/ZBP_9684-602x400.jpg 602w, https:\/\/www.spak.art.pl\/wp-content\/uploads\/2024\/05\/ZBP_9684-970x645.jpg 970w\" sizes=\"auto, (max-width: 1000px) 100vw, 1000px\" \/><\/a><figcaption>Nagrod\u0119 g\u0142\u00f3wn\u0105 odbiera Miros\u0142aw Hajnos<\/figcaption><\/figure>\n\n\n\n<figure class=\"wp-block-image size-full\"><a href=\"https:\/\/www.spak.art.pl\/wp-content\/uploads\/2024\/05\/ZBP_9643.jpg\"><img loading=\"lazy\" decoding=\"async\" width=\"743\" height=\"1000\" src=\"https:\/\/www.spak.art.pl\/wp-content\/uploads\/2024\/05\/ZBP_9643.jpg\" alt=\"\" class=\"wp-image-8440\" srcset=\"https:\/\/www.spak.art.pl\/wp-content\/uploads\/2024\/05\/ZBP_9643.jpg 743w, https:\/\/www.spak.art.pl\/wp-content\/uploads\/2024\/05\/ZBP_9643-223x300.jpg 223w, https:\/\/www.spak.art.pl\/wp-content\/uploads\/2024\/05\/ZBP_9643-297x400.jpg 297w\" sizes=\"auto, (max-width: 743px) 100vw, 743px\" \/><\/a><figcaption>Robert Mirowski, laureat nagrody SPAK<\/figcaption><\/figure>\n\n\n\n<figure class=\"wp-block-image size-full\"><a href=\"https:\/\/www.spak.art.pl\/wp-content\/uploads\/2024\/05\/ZBP_9723.jpg\"><img loading=\"lazy\" decoding=\"async\" width=\"1000\" height=\"663\" src=\"https:\/\/www.spak.art.pl\/wp-content\/uploads\/2024\/05\/ZBP_9723.jpg\" alt=\"\" class=\"wp-image-8441\" srcset=\"https:\/\/www.spak.art.pl\/wp-content\/uploads\/2024\/05\/ZBP_9723.jpg 1000w, https:\/\/www.spak.art.pl\/wp-content\/uploads\/2024\/05\/ZBP_9723-300x199.jpg 300w, https:\/\/www.spak.art.pl\/wp-content\/uploads\/2024\/05\/ZBP_9723-768x509.jpg 768w, https:\/\/www.spak.art.pl\/wp-content\/uploads\/2024\/05\/ZBP_9723-603x400.jpg 603w, https:\/\/www.spak.art.pl\/wp-content\/uploads\/2024\/05\/ZBP_9723-970x643.jpg 970w\" sizes=\"auto, (max-width: 1000px) 100vw, 1000px\" \/><\/a><figcaption>Laureaci i jurorzy konkursu im. A. Wo\u0142osa<\/figcaption><\/figure>\n\n\n\n<figure class=\"wp-block-image size-full\"><a href=\"https:\/\/www.spak.art.pl\/wp-content\/uploads\/2024\/05\/ZBP_9748.jpg\"><img loading=\"lazy\" decoding=\"async\" width=\"1000\" height=\"667\" src=\"https:\/\/www.spak.art.pl\/wp-content\/uploads\/2024\/05\/ZBP_9748.jpg\" alt=\"\" class=\"wp-image-8442\" srcset=\"https:\/\/www.spak.art.pl\/wp-content\/uploads\/2024\/05\/ZBP_9748.jpg 1000w, https:\/\/www.spak.art.pl\/wp-content\/uploads\/2024\/05\/ZBP_9748-300x200.jpg 300w, https:\/\/www.spak.art.pl\/wp-content\/uploads\/2024\/05\/ZBP_9748-768x512.jpg 768w, https:\/\/www.spak.art.pl\/wp-content\/uploads\/2024\/05\/ZBP_9748-600x400.jpg 600w, https:\/\/www.spak.art.pl\/wp-content\/uploads\/2024\/05\/ZBP_9748-970x647.jpg 970w\" sizes=\"auto, (max-width: 1000px) 100vw, 1000px\" \/><\/a><figcaption>Du\u017cego Eryka z r\u0105k prezesa SPAK odbiera Darek \u0141ab\u0119dzki<\/figcaption><\/figure>\n\n\n\n<figure class=\"wp-block-image size-full\"><a href=\"https:\/\/www.spak.art.pl\/wp-content\/uploads\/2024\/05\/ZBP_9778.jpg\"><img loading=\"lazy\" decoding=\"async\" width=\"1000\" height=\"666\" src=\"https:\/\/www.spak.art.pl\/wp-content\/uploads\/2024\/05\/ZBP_9778.jpg\" alt=\"\" class=\"wp-image-8443\" srcset=\"https:\/\/www.spak.art.pl\/wp-content\/uploads\/2024\/05\/ZBP_9778.jpg 1000w, https:\/\/www.spak.art.pl\/wp-content\/uploads\/2024\/05\/ZBP_9778-300x200.jpg 300w, https:\/\/www.spak.art.pl\/wp-content\/uploads\/2024\/05\/ZBP_9778-768x511.jpg 768w, https:\/\/www.spak.art.pl\/wp-content\/uploads\/2024\/05\/ZBP_9778-601x400.jpg 601w, https:\/\/www.spak.art.pl\/wp-content\/uploads\/2024\/05\/ZBP_9778-970x646.jpg 970w\" sizes=\"auto, (max-width: 1000px) 100vw, 1000px\" \/><\/a><figcaption>Laureaci Eryk\u00f3w, od lewej: Dariusz \u0141ab\u0119dzki, Zbigniew Piszczako i Edward Lutczyn<\/figcaption><\/figure>\n\n\n\n<figure class=\"wp-block-image size-full\"><a href=\"https:\/\/www.spak.art.pl\/wp-content\/uploads\/2024\/05\/ZBP_9780.jpg\"><img loading=\"lazy\" decoding=\"async\" width=\"666\" height=\"1000\" src=\"https:\/\/www.spak.art.pl\/wp-content\/uploads\/2024\/05\/ZBP_9780.jpg\" alt=\"\" class=\"wp-image-8444\" srcset=\"https:\/\/www.spak.art.pl\/wp-content\/uploads\/2024\/05\/ZBP_9780.jpg 666w, https:\/\/www.spak.art.pl\/wp-content\/uploads\/2024\/05\/ZBP_9780-200x300.jpg 200w, https:\/\/www.spak.art.pl\/wp-content\/uploads\/2024\/05\/ZBP_9780-266x400.jpg 266w\" sizes=\"auto, (max-width: 666px) 100vw, 666px\" \/><\/a><figcaption>Statuetka Eryka<\/figcaption><\/figure>\n\n\n\n<figure class=\"wp-block-image size-full\"><a href=\"https:\/\/www.spak.art.pl\/wp-content\/uploads\/2024\/05\/ZBP_9861.jpg\"><img loading=\"lazy\" decoding=\"async\" width=\"1000\" height=\"666\" src=\"https:\/\/www.spak.art.pl\/wp-content\/uploads\/2024\/05\/ZBP_9861.jpg\" alt=\"\" class=\"wp-image-8445\" srcset=\"https:\/\/www.spak.art.pl\/wp-content\/uploads\/2024\/05\/ZBP_9861.jpg 1000w, https:\/\/www.spak.art.pl\/wp-content\/uploads\/2024\/05\/ZBP_9861-300x200.jpg 300w, https:\/\/www.spak.art.pl\/wp-content\/uploads\/2024\/05\/ZBP_9861-768x511.jpg 768w, https:\/\/www.spak.art.pl\/wp-content\/uploads\/2024\/05\/ZBP_9861-601x400.jpg 601w, https:\/\/www.spak.art.pl\/wp-content\/uploads\/2024\/05\/ZBP_9861-970x646.jpg 970w\" sizes=\"auto, (max-width: 1000px) 100vw, 1000px\" \/><\/a><figcaption>Fragment plenerowej wystawy z Zielonej G\u00f3ry<\/figcaption><\/figure>\n","protected":false},"excerpt":{"rendered":"<p>W minion\u0105 sobot\u0119, 11 maja br., w Muzeum Karykatury w Warszawie, odby\u0142a si\u0119 Wielka Gala Karykatury, podczas kt\u00f3rej wr\u0119czone zosta\u0142y nagrody laureatom tegorocznej edycji konkursu na rysunek satyryczny im. A. Wo\u0142osa oraz wr\u0119czenie Eryk\u00f3w \u2013 dorocznych nagr\u00f3d Stowarzyszenia Polskich artyst\u00f3w Karykatury. Go\u015bci powita\u0142 dyrektor Muzeum Karykatury, dr Pawe\u0142 P\u0142oski. Mateusz Kossakowski \u2013 prezes Warmi\u0144sko-Mazurskiego Oddzia\u0142u &hellip; <\/p>\n<p><a class=\"more-link btn\" href=\"https:\/\/www.spak.art.pl\/?p=8435\">Kontynuuj czytanie<\/a><\/p>\n","protected":false},"author":1,"featured_media":0,"comment_status":"closed","ping_status":"closed","sticky":false,"template":"","format":"standard","meta":{"ngg_post_thumbnail":0,"footnotes":""},"categories":[9],"tags":[],"class_list":["post-8435","post","type-post","status-publish","format-standard","hentry","category-aktualnosci","nodate","item-wrap"],"_links":{"self":[{"href":"https:\/\/www.spak.art.pl\/index.php?rest_route=\/wp\/v2\/posts\/8435","targetHints":{"allow":["GET"]}}],"collection":[{"href":"https:\/\/www.spak.art.pl\/index.php?rest_route=\/wp\/v2\/posts"}],"about":[{"href":"https:\/\/www.spak.art.pl\/index.php?rest_route=\/wp\/v2\/types\/post"}],"author":[{"embeddable":true,"href":"https:\/\/www.spak.art.pl\/index.php?rest_route=\/wp\/v2\/users\/1"}],"replies":[{"embeddable":true,"href":"https:\/\/www.spak.art.pl\/index.php?rest_route=%2Fwp%2Fv2%2Fcomments&post=8435"}],"version-history":[{"count":4,"href":"https:\/\/www.spak.art.pl\/index.php?rest_route=\/wp\/v2\/posts\/8435\/revisions"}],"predecessor-version":[{"id":8453,"href":"https:\/\/www.spak.art.pl\/index.php?rest_route=\/wp\/v2\/posts\/8435\/revisions\/8453"}],"wp:attachment":[{"href":"https:\/\/www.spak.art.pl\/index.php?rest_route=%2Fwp%2Fv2%2Fmedia&parent=8435"}],"wp:term":[{"taxonomy":"category","embeddable":true,"href":"https:\/\/www.spak.art.pl\/index.php?rest_route=%2Fwp%2Fv2%2Fcategories&post=8435"},{"taxonomy":"post_tag","embeddable":true,"href":"https:\/\/www.spak.art.pl\/index.php?rest_route=%2Fwp%2Fv2%2Ftags&post=8435"}],"curies":[{"name":"wp","href":"https:\/\/api.w.org\/{rel}","templated":true}]}}