{"id":8608,"date":"2024-11-07T08:26:14","date_gmt":"2024-11-07T08:26:14","guid":{"rendered":"https:\/\/www.spak.art.pl\/?p=8608"},"modified":"2024-11-07T08:27:00","modified_gmt":"2024-11-07T08:27:00","slug":"pol-wieku-satyry-aleksander-wolos","status":"publish","type":"post","link":"https:\/\/www.spak.art.pl\/?p=8608","title":{"rendered":"P\u00f3\u0142 wieku satyry &#8211; Aleksander Wo\u0142os"},"content":{"rendered":"\n<p>Warmi\u0144sko-Mazurski Oddzia\u0142 Stowarzyszenia Dziennikarzy Polskich oraz Wojew\u00f3dzka Biblioteka Publiczna w Olsztynie zapraszaj\u0105 na wyj\u0105tkowe wydarzenie artystyczne \u2013 wernisa\u017c wystawy Aleksandra Wo\u0142osa pt.&nbsp;<em>P\u00f3\u0142 wieku satyry<\/em>, kt\u00f3ry odb\u0119dzie si\u0119 <strong>13 listopada o godz. 17:30 w Galerii Stary Ratusz w Olsztynie<\/strong>. Wystawa ta jest swoistym ho\u0142dem dla dorobku artysty, ukazuj\u0105cym jego niezwyk\u0142\u0105 umiej\u0119tno\u015b\u0107 obserwacji i analizy rzeczywisto\u015bci oraz wyj\u0105tkowy talent do komentowania bie\u017c\u0105cych wydarze\u0144.<\/p>\n\n\n\n<p><a rel=\"noreferrer noopener\" href=\"https:\/\/sdpolsztynpl.wordpress.com\/2024\/11\/06\/pol-wieku-satyry-aleksandra-wolosa\/\" target=\"_blank\">https:\/\/sdpolsztynpl.wordpress.com\/2024\/11\/06\/pol-wieku-satyry-aleksandra-wolosa\/<\/a><\/p>\n\n\n\n<figure class=\"wp-block-image size-full\"><a href=\"https:\/\/www.spak.art.pl\/wp-content\/uploads\/2024\/11\/Wolos_plakat_ratusz.jpg\"><img loading=\"lazy\" decoding=\"async\" width=\"1000\" height=\"692\" src=\"https:\/\/www.spak.art.pl\/wp-content\/uploads\/2024\/11\/Wolos_plakat_ratusz.jpg\" alt=\"\" class=\"wp-image-8609\" srcset=\"https:\/\/www.spak.art.pl\/wp-content\/uploads\/2024\/11\/Wolos_plakat_ratusz.jpg 1000w, https:\/\/www.spak.art.pl\/wp-content\/uploads\/2024\/11\/Wolos_plakat_ratusz-300x208.jpg 300w, https:\/\/www.spak.art.pl\/wp-content\/uploads\/2024\/11\/Wolos_plakat_ratusz-768x531.jpg 768w, https:\/\/www.spak.art.pl\/wp-content\/uploads\/2024\/11\/Wolos_plakat_ratusz-578x400.jpg 578w, https:\/\/www.spak.art.pl\/wp-content\/uploads\/2024\/11\/Wolos_plakat_ratusz-970x671.jpg 970w\" sizes=\"auto, (max-width: 1000px) 100vw, 1000px\" \/><\/a><\/figure>\n","protected":false},"excerpt":{"rendered":"<p>Warmi\u0144sko-Mazurski Oddzia\u0142 Stowarzyszenia Dziennikarzy Polskich oraz Wojew\u00f3dzka Biblioteka Publiczna w Olsztynie zapraszaj\u0105 na wyj\u0105tkowe wydarzenie artystyczne \u2013 wernisa\u017c wystawy Aleksandra Wo\u0142osa pt.&nbsp;P\u00f3\u0142 wieku satyry, kt\u00f3ry odb\u0119dzie si\u0119 13 listopada o godz. 17:30 w Galerii Stary Ratusz w Olsztynie. Wystawa ta jest swoistym ho\u0142dem dla dorobku artysty, ukazuj\u0105cym jego niezwyk\u0142\u0105 umiej\u0119tno\u015b\u0107 obserwacji i analizy rzeczywisto\u015bci oraz &hellip; <\/p>\n<p><a class=\"more-link btn\" href=\"https:\/\/www.spak.art.pl\/?p=8608\">Kontynuuj czytanie<\/a><\/p>\n","protected":false},"author":1,"featured_media":0,"comment_status":"closed","ping_status":"closed","sticky":false,"template":"","format":"standard","meta":{"ngg_post_thumbnail":0,"footnotes":""},"categories":[9],"tags":[],"class_list":["post-8608","post","type-post","status-publish","format-standard","hentry","category-aktualnosci","nodate","item-wrap"],"_links":{"self":[{"href":"https:\/\/www.spak.art.pl\/index.php?rest_route=\/wp\/v2\/posts\/8608","targetHints":{"allow":["GET"]}}],"collection":[{"href":"https:\/\/www.spak.art.pl\/index.php?rest_route=\/wp\/v2\/posts"}],"about":[{"href":"https:\/\/www.spak.art.pl\/index.php?rest_route=\/wp\/v2\/types\/post"}],"author":[{"embeddable":true,"href":"https:\/\/www.spak.art.pl\/index.php?rest_route=\/wp\/v2\/users\/1"}],"replies":[{"embeddable":true,"href":"https:\/\/www.spak.art.pl\/index.php?rest_route=%2Fwp%2Fv2%2Fcomments&post=8608"}],"version-history":[{"count":2,"href":"https:\/\/www.spak.art.pl\/index.php?rest_route=\/wp\/v2\/posts\/8608\/revisions"}],"predecessor-version":[{"id":8614,"href":"https:\/\/www.spak.art.pl\/index.php?rest_route=\/wp\/v2\/posts\/8608\/revisions\/8614"}],"wp:attachment":[{"href":"https:\/\/www.spak.art.pl\/index.php?rest_route=%2Fwp%2Fv2%2Fmedia&parent=8608"}],"wp:term":[{"taxonomy":"category","embeddable":true,"href":"https:\/\/www.spak.art.pl\/index.php?rest_route=%2Fwp%2Fv2%2Fcategories&post=8608"},{"taxonomy":"post_tag","embeddable":true,"href":"https:\/\/www.spak.art.pl\/index.php?rest_route=%2Fwp%2Fv2%2Ftags&post=8608"}],"curies":[{"name":"wp","href":"https:\/\/api.w.org\/{rel}","templated":true}]}}