{"id":8737,"date":"2025-03-31T18:49:39","date_gmt":"2025-03-31T18:49:39","guid":{"rendered":"https:\/\/www.spak.art.pl\/?p=8737"},"modified":"2025-03-31T18:50:59","modified_gmt":"2025-03-31T18:50:59","slug":"karykaturzysci-pomagaja","status":"publish","type":"post","link":"https:\/\/www.spak.art.pl\/?p=8737","title":{"rendered":"Karykaturzy\u015bci pomagaj\u0105"},"content":{"rendered":"\n<p>W najbli\u017csz\u0105 sobot\u0119, 5 kwietnia, w Ratuszu Legionowo, ul. J\u00f3zefa Pi\u0142sudskiego 41, odb\u0119dzie si\u0119 akcja charytatywna pod has\u0142em \u201eRazem dla Beaty\u201d \u2013 zbi\u00f3rka na rzecz rehabilitacji i powrotu do zdrowia Beaty D\u0105browskiej, \u017cony naszego kolegi ze SPAK Marka D\u0105browskiego. Podczas rozlicznych dzia\u0142a\u0144 (szczeg\u00f3\u0142y na plakacie) r\u00f3wnie\u017c nasi koledzy: Robert D\u0105browski, Marek D\u0105browski i Tomek Niewiadomski b\u0119d\u0105 wykonywali wszystkim ch\u0119tnym karykatury a ca\u0142y doch\u00f3d uzyskany z tego tytu\u0142u zasili zbi\u00f3rk\u0119.<\/p>\n\n\n\n<p>Pocz\u0105tek o godz. 11.00.<\/p>\n\n\n\n<p>Zapraszamy do Legionowa<\/p>\n\n\n\n<figure class=\"wp-block-image size-large\"><a href=\"https:\/\/www.spak.art.pl\/wp-content\/uploads\/2025\/03\/plakat-Beata-5-kwietnia-1.jpg\"><img loading=\"lazy\" decoding=\"async\" width=\"724\" height=\"1024\" src=\"https:\/\/www.spak.art.pl\/wp-content\/uploads\/2025\/03\/plakat-Beata-5-kwietnia-1-724x1024.jpg\" alt=\"\" class=\"wp-image-8738\" srcset=\"https:\/\/www.spak.art.pl\/wp-content\/uploads\/2025\/03\/plakat-Beata-5-kwietnia-1-724x1024.jpg 724w, https:\/\/www.spak.art.pl\/wp-content\/uploads\/2025\/03\/plakat-Beata-5-kwietnia-1-212x300.jpg 212w, https:\/\/www.spak.art.pl\/wp-content\/uploads\/2025\/03\/plakat-Beata-5-kwietnia-1-768x1087.jpg 768w, https:\/\/www.spak.art.pl\/wp-content\/uploads\/2025\/03\/plakat-Beata-5-kwietnia-1-283x400.jpg 283w, https:\/\/www.spak.art.pl\/wp-content\/uploads\/2025\/03\/plakat-Beata-5-kwietnia-1.jpg 848w\" sizes=\"auto, (max-width: 724px) 100vw, 724px\" \/><\/a><\/figure>\n","protected":false},"excerpt":{"rendered":"<p>W najbli\u017csz\u0105 sobot\u0119, 5 kwietnia, w Ratuszu Legionowo, ul. J\u00f3zefa Pi\u0142sudskiego 41, odb\u0119dzie si\u0119 akcja charytatywna pod has\u0142em \u201eRazem dla Beaty\u201d \u2013 zbi\u00f3rka na rzecz rehabilitacji i powrotu do zdrowia Beaty D\u0105browskiej, \u017cony naszego kolegi ze SPAK Marka D\u0105browskiego. Podczas rozlicznych dzia\u0142a\u0144 (szczeg\u00f3\u0142y na plakacie) r\u00f3wnie\u017c nasi koledzy: Robert D\u0105browski, Marek D\u0105browski i Tomek Niewiadomski &hellip; <\/p>\n<p><a class=\"more-link btn\" href=\"https:\/\/www.spak.art.pl\/?p=8737\">Kontynuuj czytanie<\/a><\/p>\n","protected":false},"author":1,"featured_media":0,"comment_status":"closed","ping_status":"closed","sticky":false,"template":"","format":"standard","meta":{"ngg_post_thumbnail":0,"footnotes":""},"categories":[9],"tags":[],"class_list":["post-8737","post","type-post","status-publish","format-standard","hentry","category-aktualnosci","nodate","item-wrap"],"_links":{"self":[{"href":"https:\/\/www.spak.art.pl\/index.php?rest_route=\/wp\/v2\/posts\/8737","targetHints":{"allow":["GET"]}}],"collection":[{"href":"https:\/\/www.spak.art.pl\/index.php?rest_route=\/wp\/v2\/posts"}],"about":[{"href":"https:\/\/www.spak.art.pl\/index.php?rest_route=\/wp\/v2\/types\/post"}],"author":[{"embeddable":true,"href":"https:\/\/www.spak.art.pl\/index.php?rest_route=\/wp\/v2\/users\/1"}],"replies":[{"embeddable":true,"href":"https:\/\/www.spak.art.pl\/index.php?rest_route=%2Fwp%2Fv2%2Fcomments&post=8737"}],"version-history":[{"count":1,"href":"https:\/\/www.spak.art.pl\/index.php?rest_route=\/wp\/v2\/posts\/8737\/revisions"}],"predecessor-version":[{"id":8739,"href":"https:\/\/www.spak.art.pl\/index.php?rest_route=\/wp\/v2\/posts\/8737\/revisions\/8739"}],"wp:attachment":[{"href":"https:\/\/www.spak.art.pl\/index.php?rest_route=%2Fwp%2Fv2%2Fmedia&parent=8737"}],"wp:term":[{"taxonomy":"category","embeddable":true,"href":"https:\/\/www.spak.art.pl\/index.php?rest_route=%2Fwp%2Fv2%2Fcategories&post=8737"},{"taxonomy":"post_tag","embeddable":true,"href":"https:\/\/www.spak.art.pl\/index.php?rest_route=%2Fwp%2Fv2%2Ftags&post=8737"}],"curies":[{"name":"wp","href":"https:\/\/api.w.org\/{rel}","templated":true}]}}