{"id":8821,"date":"2025-06-23T18:37:59","date_gmt":"2025-06-23T18:37:59","guid":{"rendered":"https:\/\/www.spak.art.pl\/?p=8821"},"modified":"2025-06-23T18:38:00","modified_gmt":"2025-06-23T18:38:00","slug":"gmina-ustronie-morskie-znow-stolica-humoru-20-morka","status":"publish","type":"post","link":"https:\/\/www.spak.art.pl\/?p=8821","title":{"rendered":"Gmina Ustronie Morskie\u00a0zn\u00f3w stolic\u0105 humoru &#8211; 20. MORKA"},"content":{"rendered":"\n<p>Od 29 czerwca do 4 lipca Ustronie Morskie po raz dwudziesty zamieni si\u0119 w prawdziw\u0105 letni\u0105 stolic\u0119 humoru! Wszystko za spraw\u0105 jubileuszowej edycji festiwalu \u201eMORKA 2025\u201d \u2013 cyklu spotka\u0144 z satyr\u0105 i karykatur\u0105, kt\u00f3ry co roku przyci\u0105ga rzesze artyst\u00f3w, turyst\u00f3w i mi\u0142o\u015bnik\u00f3w dobrego humoru.<\/p>\n\n\n\n<p>Wydarzenie zainauguruje uroczysty korow\u00f3d ulicami miasta, kt\u00f3ry zako\u0144czy si\u0119 symbolicznym przekazaniem kluczy do Ustronia Morskiego w r\u0119ce satyry i karykatury. W programie znajdziemy m.in. koncerty (wyst\u0105pi\u0105 m.in. The Strange Band i Chwast), spektakl improwizacyjny \u201eWniebowzi\u0119te\u201d, warsztaty kulinarne, wystawy, happeningi oraz codzienne rysowanie karykatur na \u017cywo.<\/p>\n\n\n\n<p>Jedn\u0105 z nietuzinkowych atrakcji b\u0119dzie Weso\u0142y Meleks \u2013 kolorowy, mobilny punkt humoru, kt\u00f3ry b\u0119dzie przemieszcza\u0142 si\u0119 po Ustroniu Morskim, dostarczaj\u0105c mieszka\u0144com i turystom mn\u00f3stwo u\u015bmiechu, i satyrycznych \u017cart\u00f3w.<\/p>\n\n\n\n<p>2 lipca o 20:00 szczeg\u00f3lnie warto zaplanowa\u0107 wiecz\u00f3r z wydarzeniem Support NIGHT \u2013 pe\u0142nym pozytywnej energii wydarzeniem, kt\u00f3re podkre\u015bli si\u0142\u0119 wsparcia i integracji. To spotkanie ma na celu nie tylko dobr\u0105 zabaw\u0119, ale i budowanie wsp\u00f3lnoty wok\u00f3\u0142 warto\u015bci, jakie niesie humor i sztuka.<\/p>\n\n\n\n<p>Szczeg\u00f3ln\u0105 atrakcj\u0105 b\u0119dzie uroczyste ods\u0142oni\u0119cie \u0142aweczki Henryka Cebuli, a tak\u017ce plenerowy wernisa\u017c wystawy na amfiteatrze i wieczorne wydarzenia z udzia\u0142em znanych artyst\u00f3w, takich jak Szymon Baraniecki i Rafa\u0142 Rutkowski.<\/p>\n\n\n\n<figure class=\"wp-block-image size-full\"><a href=\"https:\/\/www.spak.art.pl\/wp-content\/uploads\/2025\/06\/MORKA-2025-PLAKAT.jpg\"><img loading=\"lazy\" decoding=\"async\" width=\"708\" height=\"1000\" src=\"https:\/\/www.spak.art.pl\/wp-content\/uploads\/2025\/06\/MORKA-2025-PLAKAT.jpg\" alt=\"\" class=\"wp-image-8822\" srcset=\"https:\/\/www.spak.art.pl\/wp-content\/uploads\/2025\/06\/MORKA-2025-PLAKAT.jpg 708w, https:\/\/www.spak.art.pl\/wp-content\/uploads\/2025\/06\/MORKA-2025-PLAKAT-212x300.jpg 212w, https:\/\/www.spak.art.pl\/wp-content\/uploads\/2025\/06\/MORKA-2025-PLAKAT-283x400.jpg 283w\" sizes=\"auto, (max-width: 708px) 100vw, 708px\" \/><\/a><\/figure>\n","protected":false},"excerpt":{"rendered":"<p>Od 29 czerwca do 4 lipca Ustronie Morskie po raz dwudziesty zamieni si\u0119 w prawdziw\u0105 letni\u0105 stolic\u0119 humoru! Wszystko za spraw\u0105 jubileuszowej edycji festiwalu \u201eMORKA 2025\u201d \u2013 cyklu spotka\u0144 z satyr\u0105 i karykatur\u0105, kt\u00f3ry co roku przyci\u0105ga rzesze artyst\u00f3w, turyst\u00f3w i mi\u0142o\u015bnik\u00f3w dobrego humoru. Wydarzenie zainauguruje uroczysty korow\u00f3d ulicami miasta, kt\u00f3ry zako\u0144czy si\u0119 symbolicznym przekazaniem &hellip; <\/p>\n<p><a class=\"more-link btn\" href=\"https:\/\/www.spak.art.pl\/?p=8821\">Kontynuuj czytanie<\/a><\/p>\n","protected":false},"author":1,"featured_media":0,"comment_status":"closed","ping_status":"closed","sticky":false,"template":"","format":"standard","meta":{"ngg_post_thumbnail":0,"footnotes":""},"categories":[9],"tags":[],"class_list":["post-8821","post","type-post","status-publish","format-standard","hentry","category-aktualnosci","nodate","item-wrap"],"_links":{"self":[{"href":"https:\/\/www.spak.art.pl\/index.php?rest_route=\/wp\/v2\/posts\/8821","targetHints":{"allow":["GET"]}}],"collection":[{"href":"https:\/\/www.spak.art.pl\/index.php?rest_route=\/wp\/v2\/posts"}],"about":[{"href":"https:\/\/www.spak.art.pl\/index.php?rest_route=\/wp\/v2\/types\/post"}],"author":[{"embeddable":true,"href":"https:\/\/www.spak.art.pl\/index.php?rest_route=\/wp\/v2\/users\/1"}],"replies":[{"embeddable":true,"href":"https:\/\/www.spak.art.pl\/index.php?rest_route=%2Fwp%2Fv2%2Fcomments&post=8821"}],"version-history":[{"count":1,"href":"https:\/\/www.spak.art.pl\/index.php?rest_route=\/wp\/v2\/posts\/8821\/revisions"}],"predecessor-version":[{"id":8823,"href":"https:\/\/www.spak.art.pl\/index.php?rest_route=\/wp\/v2\/posts\/8821\/revisions\/8823"}],"wp:attachment":[{"href":"https:\/\/www.spak.art.pl\/index.php?rest_route=%2Fwp%2Fv2%2Fmedia&parent=8821"}],"wp:term":[{"taxonomy":"category","embeddable":true,"href":"https:\/\/www.spak.art.pl\/index.php?rest_route=%2Fwp%2Fv2%2Fcategories&post=8821"},{"taxonomy":"post_tag","embeddable":true,"href":"https:\/\/www.spak.art.pl\/index.php?rest_route=%2Fwp%2Fv2%2Ftags&post=8821"}],"curies":[{"name":"wp","href":"https:\/\/api.w.org\/{rel}","templated":true}]}}