{"id":8869,"date":"2025-07-11T19:22:59","date_gmt":"2025-07-11T19:22:59","guid":{"rendered":"https:\/\/www.spak.art.pl\/?p=8869"},"modified":"2025-07-11T19:24:31","modified_gmt":"2025-07-11T19:24:31","slug":"satyrycy-na-bialogard-comic-con-2025","status":"publish","type":"post","link":"https:\/\/www.spak.art.pl\/?p=8869","title":{"rendered":"Satyrycy na BIA\u0141OGARD COMIC CON 2025"},"content":{"rendered":"\n<p>Podczas tegorocznej edycji BIA\u0141OGARD COMIC CON 2025, skierowanej do mi\u0142o\u015bnik\u00f3w opowie\u015bci obrazkowych nie zabrak\u0142o naszych koleg\u00f3w, zwi\u0105zanych z rysunkiem satyrycznym. Andrzej Graniak prezentowa\u0142 3 wydane tomy komiksu o \u0142uczniku \u201eGoranie\u201d oraz komiks Artura Biernackiego &#8222;Hexenberg 1626&#8221;. Wszystkie tytu\u0142y wydaje <a href=\"https:\/\/goran-komiks.pl\/?fbclid=IwY2xjawLeRAJleHRuA2FlbQIxMABicmlkETBuSXV3eVNyeUY5WVJwd09EAR6iIfZNG7Mwy58kPd9WaQ0i_Dmbxcfidl83Q_OX-Hz9e2oddpCW1sVdnlxR4Q_aem_D8FISBS7qu1FzoBz6M6rXg\">RED ARROW<\/a>, wydawnictwo za\u0142o\u017cone przez Andrzeja. Jego za\u0142o\u017ceniem jest wydawanie komiks\u00f3w w\u0142asnego autorstwa oraz innych tw\u00f3rc\u00f3w obrazkowych opowie\u015bci.<\/p>\n\n\n\n<figure class=\"wp-block-image size-full\"><a href=\"https:\/\/www.spak.art.pl\/wp-content\/uploads\/2025\/07\/Graniak-komiks.jpg\"><img loading=\"lazy\" decoding=\"async\" width=\"1000\" height=\"750\" src=\"https:\/\/www.spak.art.pl\/wp-content\/uploads\/2025\/07\/Graniak-komiks.jpg\" alt=\"\" class=\"wp-image-8870\" srcset=\"https:\/\/www.spak.art.pl\/wp-content\/uploads\/2025\/07\/Graniak-komiks.jpg 1000w, https:\/\/www.spak.art.pl\/wp-content\/uploads\/2025\/07\/Graniak-komiks-300x225.jpg 300w, https:\/\/www.spak.art.pl\/wp-content\/uploads\/2025\/07\/Graniak-komiks-768x576.jpg 768w, https:\/\/www.spak.art.pl\/wp-content\/uploads\/2025\/07\/Graniak-komiks-533x400.jpg 533w, https:\/\/www.spak.art.pl\/wp-content\/uploads\/2025\/07\/Graniak-komiks-970x728.jpg 970w\" sizes=\"auto, (max-width: 1000px) 100vw, 1000px\" \/><\/a><\/figure>\n\n\n\n<p><\/p>\n\n\n\n<p>Jaros\u0142aw Wojtasi\u0144ski, mi\u0142o\u015bnik western\u00f3w i Dzikiego Zachodu promowa\u0142 1. tom swojego komiksu pt. \u201eClint Northwood uznany za martwego\u201d, kt\u00f3ry sam narysowa\u0142 wg w\u0142asnego scenariusza. Kolejne tomy przed nami.<\/p>\n\n\n\n<figure class=\"wp-block-image size-full\"><a href=\"https:\/\/www.spak.art.pl\/wp-content\/uploads\/2025\/07\/Jaro-komiks.jpg\"><img loading=\"lazy\" decoding=\"async\" width=\"750\" height=\"1000\" src=\"https:\/\/www.spak.art.pl\/wp-content\/uploads\/2025\/07\/Jaro-komiks.jpg\" alt=\"\" class=\"wp-image-8871\" srcset=\"https:\/\/www.spak.art.pl\/wp-content\/uploads\/2025\/07\/Jaro-komiks.jpg 750w, https:\/\/www.spak.art.pl\/wp-content\/uploads\/2025\/07\/Jaro-komiks-225x300.jpg 225w, https:\/\/www.spak.art.pl\/wp-content\/uploads\/2025\/07\/Jaro-komiks-300x400.jpg 300w\" sizes=\"auto, (max-width: 750px) 100vw, 750px\" \/><\/a><\/figure>\n\n\n\n<p><\/p>\n\n\n\n<p><em>Fot. D. Pietrzak<\/em><\/p>\n\n\n\n<p><\/p>\n\n\n\n<figure class=\"wp-block-image size-full\"><a href=\"https:\/\/www.spak.art.pl\/wp-content\/uploads\/2025\/07\/Bialogard-Comic-con-plakat.jpg\"><img loading=\"lazy\" decoding=\"async\" width=\"710\" height=\"1000\" src=\"https:\/\/www.spak.art.pl\/wp-content\/uploads\/2025\/07\/Bialogard-Comic-con-plakat.jpg\" alt=\"\" class=\"wp-image-8872\" srcset=\"https:\/\/www.spak.art.pl\/wp-content\/uploads\/2025\/07\/Bialogard-Comic-con-plakat.jpg 710w, https:\/\/www.spak.art.pl\/wp-content\/uploads\/2025\/07\/Bialogard-Comic-con-plakat-213x300.jpg 213w, https:\/\/www.spak.art.pl\/wp-content\/uploads\/2025\/07\/Bialogard-Comic-con-plakat-284x400.jpg 284w\" sizes=\"auto, (max-width: 710px) 100vw, 710px\" \/><\/a><\/figure>\n","protected":false},"excerpt":{"rendered":"<p>Podczas tegorocznej edycji BIA\u0141OGARD COMIC CON 2025, skierowanej do mi\u0142o\u015bnik\u00f3w opowie\u015bci obrazkowych nie zabrak\u0142o naszych koleg\u00f3w, zwi\u0105zanych z rysunkiem satyrycznym. Andrzej Graniak prezentowa\u0142 3 wydane tomy komiksu o \u0142uczniku \u201eGoranie\u201d oraz komiks Artura Biernackiego &#8222;Hexenberg 1626&#8221;. Wszystkie tytu\u0142y wydaje RED ARROW, wydawnictwo za\u0142o\u017cone przez Andrzeja. Jego za\u0142o\u017ceniem jest wydawanie komiks\u00f3w w\u0142asnego autorstwa oraz innych tw\u00f3rc\u00f3w &hellip; <\/p>\n<p><a class=\"more-link btn\" href=\"https:\/\/www.spak.art.pl\/?p=8869\">Kontynuuj czytanie<\/a><\/p>\n","protected":false},"author":1,"featured_media":0,"comment_status":"closed","ping_status":"closed","sticky":false,"template":"","format":"standard","meta":{"ngg_post_thumbnail":0,"footnotes":""},"categories":[9],"tags":[],"class_list":["post-8869","post","type-post","status-publish","format-standard","hentry","category-aktualnosci","nodate","item-wrap"],"_links":{"self":[{"href":"https:\/\/www.spak.art.pl\/index.php?rest_route=\/wp\/v2\/posts\/8869","targetHints":{"allow":["GET"]}}],"collection":[{"href":"https:\/\/www.spak.art.pl\/index.php?rest_route=\/wp\/v2\/posts"}],"about":[{"href":"https:\/\/www.spak.art.pl\/index.php?rest_route=\/wp\/v2\/types\/post"}],"author":[{"embeddable":true,"href":"https:\/\/www.spak.art.pl\/index.php?rest_route=\/wp\/v2\/users\/1"}],"replies":[{"embeddable":true,"href":"https:\/\/www.spak.art.pl\/index.php?rest_route=%2Fwp%2Fv2%2Fcomments&post=8869"}],"version-history":[{"count":2,"href":"https:\/\/www.spak.art.pl\/index.php?rest_route=\/wp\/v2\/posts\/8869\/revisions"}],"predecessor-version":[{"id":8874,"href":"https:\/\/www.spak.art.pl\/index.php?rest_route=\/wp\/v2\/posts\/8869\/revisions\/8874"}],"wp:attachment":[{"href":"https:\/\/www.spak.art.pl\/index.php?rest_route=%2Fwp%2Fv2%2Fmedia&parent=8869"}],"wp:term":[{"taxonomy":"category","embeddable":true,"href":"https:\/\/www.spak.art.pl\/index.php?rest_route=%2Fwp%2Fv2%2Fcategories&post=8869"},{"taxonomy":"post_tag","embeddable":true,"href":"https:\/\/www.spak.art.pl\/index.php?rest_route=%2Fwp%2Fv2%2Ftags&post=8869"}],"curies":[{"name":"wp","href":"https:\/\/api.w.org\/{rel}","templated":true}]}}