{"id":8876,"date":"2025-07-11T19:31:02","date_gmt":"2025-07-11T19:31:02","guid":{"rendered":"https:\/\/www.spak.art.pl\/?p=8876"},"modified":"2025-07-11T19:31:03","modified_gmt":"2025-07-11T19:31:03","slug":"rysunki-prasowe-w-wachocku-olsztynie-i-rynie","status":"publish","type":"post","link":"https:\/\/www.spak.art.pl\/?p=8876","title":{"rendered":"Rysunki prasowe w W\u0105chocku, Olsztynie i Rynie"},"content":{"rendered":"\n<p>Jak donosi Zbyszek Piszczako &#8211; informujemy o kolejnych wystawach pokonkursowych 7. edycji Og\u00f3lnopolskiego Konkursu na Rysunek Prasowy im. Aleksandra Wo\u0142osa.<\/p>\n\n\n\n<p>Pod koniec czerwca Miejsko-Gminny O\u015brodek Kulturyw W\u0105chocku zaprezentowa\u0142 prace na wystawie plenerowej, kt\u00f3r\u0105 b\u0119dzie mo\u017cna ogl\u0105da\u0107 przez okres wakacyjny. Tak\u017ce w wakacje&nbsp;Biblioteka Uniwersytecka UWM w Olsztynie udost\u0119pni\u0142a II cz\u0119\u015b\u0107 wystawy pokonkursowej (cz. I, Galeria Stary Ratusz w Olsztynie &#8211;&nbsp;&nbsp;25 kwietnia).<\/p>\n\n\n\n<p>wystawa online (na UWM) jest dost\u0119pna pod linkiem:&nbsp;<a href=\"https:\/\/bu.uwm.edu.pl\/wystawy\/2025\/07\/wystawa-pokonkursowa-vii-ogolnopolskiego-konkursu-na-rysunek-prasowy-im-aleksandra-wolosa-za-rok-2024\/\" target=\"_blank\" rel=\"noreferrer noopener\">https:\/\/bu.uwm.edu.pl\/wystawy\/2025\/07\/wystawa-pokonkursowa-vii-ogolnopolskiego-konkursu-na-rysunek-prasowy-im-aleksandra-wolosa-za-rok-2024\/<\/a><\/p>\n\n\n\n<p>Natomiast 24 lipca o g. 17.00 zapraszamy na wernisa\u017c do&nbsp;Regionalnego Parku Edukacji, Kultury i Turystyki w Rynie. To b\u0119dzie ju\u017c si\u00f3dma wystawa w tym roku.<\/p>\n\n\n\n<p>Organizatorem konkursu jest Warmi\u0144sko-mazurski Oddzia\u0142 SDP w Olsztynie.<\/p>\n\n\n\n<figure class=\"wp-block-image size-full\"><a href=\"https:\/\/www.spak.art.pl\/wp-content\/uploads\/2025\/07\/RYN-2025.jpg\"><img loading=\"lazy\" decoding=\"async\" width=\"705\" height=\"1000\" src=\"https:\/\/www.spak.art.pl\/wp-content\/uploads\/2025\/07\/RYN-2025.jpg\" alt=\"\" class=\"wp-image-8877\" srcset=\"https:\/\/www.spak.art.pl\/wp-content\/uploads\/2025\/07\/RYN-2025.jpg 705w, https:\/\/www.spak.art.pl\/wp-content\/uploads\/2025\/07\/RYN-2025-212x300.jpg 212w, https:\/\/www.spak.art.pl\/wp-content\/uploads\/2025\/07\/RYN-2025-282x400.jpg 282w\" sizes=\"auto, (max-width: 705px) 100vw, 705px\" \/><\/a><\/figure>\n","protected":false},"excerpt":{"rendered":"<p>Jak donosi Zbyszek Piszczako &#8211; informujemy o kolejnych wystawach pokonkursowych 7. edycji Og\u00f3lnopolskiego Konkursu na Rysunek Prasowy im. Aleksandra Wo\u0142osa. Pod koniec czerwca Miejsko-Gminny O\u015brodek Kulturyw W\u0105chocku zaprezentowa\u0142 prace na wystawie plenerowej, kt\u00f3r\u0105 b\u0119dzie mo\u017cna ogl\u0105da\u0107 przez okres wakacyjny. Tak\u017ce w wakacje&nbsp;Biblioteka Uniwersytecka UWM w Olsztynie udost\u0119pni\u0142a II cz\u0119\u015b\u0107 wystawy pokonkursowej (cz. I, Galeria Stary &hellip; <\/p>\n<p><a class=\"more-link btn\" href=\"https:\/\/www.spak.art.pl\/?p=8876\">Kontynuuj czytanie<\/a><\/p>\n","protected":false},"author":1,"featured_media":0,"comment_status":"closed","ping_status":"closed","sticky":false,"template":"","format":"standard","meta":{"ngg_post_thumbnail":0,"footnotes":""},"categories":[9],"tags":[],"class_list":["post-8876","post","type-post","status-publish","format-standard","hentry","category-aktualnosci","nodate","item-wrap"],"_links":{"self":[{"href":"https:\/\/www.spak.art.pl\/index.php?rest_route=\/wp\/v2\/posts\/8876","targetHints":{"allow":["GET"]}}],"collection":[{"href":"https:\/\/www.spak.art.pl\/index.php?rest_route=\/wp\/v2\/posts"}],"about":[{"href":"https:\/\/www.spak.art.pl\/index.php?rest_route=\/wp\/v2\/types\/post"}],"author":[{"embeddable":true,"href":"https:\/\/www.spak.art.pl\/index.php?rest_route=\/wp\/v2\/users\/1"}],"replies":[{"embeddable":true,"href":"https:\/\/www.spak.art.pl\/index.php?rest_route=%2Fwp%2Fv2%2Fcomments&post=8876"}],"version-history":[{"count":1,"href":"https:\/\/www.spak.art.pl\/index.php?rest_route=\/wp\/v2\/posts\/8876\/revisions"}],"predecessor-version":[{"id":8878,"href":"https:\/\/www.spak.art.pl\/index.php?rest_route=\/wp\/v2\/posts\/8876\/revisions\/8878"}],"wp:attachment":[{"href":"https:\/\/www.spak.art.pl\/index.php?rest_route=%2Fwp%2Fv2%2Fmedia&parent=8876"}],"wp:term":[{"taxonomy":"category","embeddable":true,"href":"https:\/\/www.spak.art.pl\/index.php?rest_route=%2Fwp%2Fv2%2Fcategories&post=8876"},{"taxonomy":"post_tag","embeddable":true,"href":"https:\/\/www.spak.art.pl\/index.php?rest_route=%2Fwp%2Fv2%2Ftags&post=8876"}],"curies":[{"name":"wp","href":"https:\/\/api.w.org\/{rel}","templated":true}]}}