{"id":8891,"date":"2025-08-01T17:05:06","date_gmt":"2025-08-01T17:05:06","guid":{"rendered":"https:\/\/www.spak.art.pl\/?p=8891"},"modified":"2025-08-01T17:05:07","modified_gmt":"2025-08-01T17:05:07","slug":"konkurs-plastyczny-rzeczywistosc-w-krzywym-zwierciadle-a-propos-henryka-derwicha-30-09-2025","status":"publish","type":"post","link":"https:\/\/www.spak.art.pl\/?p=8891","title":{"rendered":"Konkurs plastyczny \u201eRzeczywisto\u015b\u0107 w krzywym zwierciadle \u2013 \u00c1 propos Henryka Derwicha\u201d &#8211; 30.09.2025"},"content":{"rendered":"\n<figure class=\"wp-block-image size-full\"><a href=\"https:\/\/www.spak.art.pl\/wp-content\/uploads\/2025\/08\/Derwich-\u2013-2025.06.10_plakaty-WBPiCAK_Canva_01.pdf-1.png\"><img loading=\"lazy\" decoding=\"async\" width=\"800\" height=\"518\" src=\"https:\/\/www.spak.art.pl\/wp-content\/uploads\/2025\/08\/Derwich-\u2013-2025.06.10_plakaty-WBPiCAK_Canva_01.pdf-1.png\" alt=\"\" class=\"wp-image-8894\" srcset=\"https:\/\/www.spak.art.pl\/wp-content\/uploads\/2025\/08\/Derwich-\u2013-2025.06.10_plakaty-WBPiCAK_Canva_01.pdf-1.png 800w, https:\/\/www.spak.art.pl\/wp-content\/uploads\/2025\/08\/Derwich-\u2013-2025.06.10_plakaty-WBPiCAK_Canva_01.pdf-1-300x194.png 300w, https:\/\/www.spak.art.pl\/wp-content\/uploads\/2025\/08\/Derwich-\u2013-2025.06.10_plakaty-WBPiCAK_Canva_01.pdf-1-768x497.png 768w, https:\/\/www.spak.art.pl\/wp-content\/uploads\/2025\/08\/Derwich-\u2013-2025.06.10_plakaty-WBPiCAK_Canva_01.pdf-1-618x400.png 618w\" sizes=\"auto, (max-width: 800px) 100vw, 800px\" \/><\/a><\/figure>\n\n\n\n<p>Zapraszamy do wzi\u0119cia udzia\u0142u w II edycji konkursu plastycznego \u201eRzeczywisto\u015b\u0107 w krzywym zwierciadle \u2013 \u00c1 propos Henryka Derwicha\u201d. Przedmiotem konkursu s\u0105 prace satyryczne wykonane w dowolnej technice, kt\u00f3re komentowa\u0107 b\u0119d\u0105 wsp\u00f3\u0142czesny \u015bwiat.<\/p>\n\n\n\n<p>Regulamin <strong>poni\u017cej<\/strong><\/p>\n\n\n\n<div data-wp-interactive=\"core\/file\" class=\"wp-block-file\"><object data-wp-bind--hidden=\"!state.hasPdfPreview\" hidden class=\"wp-block-file__embed\" data=\"https:\/\/www.spak.art.pl\/wp-content\/uploads\/2025\/08\/Regulamin.pdf\" type=\"application\/pdf\" style=\"width:100%;height:600px\" aria-label=\"Osadzone z Regulamin.\"><\/object><a id=\"wp-block-file--media-2c5a402a-c68d-41af-968f-13ce4d8a987a\" href=\"https:\/\/www.spak.art.pl\/wp-content\/uploads\/2025\/08\/Regulamin.pdf\">Regulamin<\/a><a href=\"https:\/\/www.spak.art.pl\/wp-content\/uploads\/2025\/08\/Regulamin.pdf\" class=\"wp-block-file__button wp-element-button\" download aria-describedby=\"wp-block-file--media-2c5a402a-c68d-41af-968f-13ce4d8a987a\">Pobierz<\/a><\/div>\n\n\n\n<p>Wi\u0119cej informacji na stronie<\/p>\n\n\n\n<p><a href=\"https:\/\/wbp.poznan.pl\/biblioteka\/wydarzenia-2\/konkurs-plastyczny-rzeczywistosc-w-krzywym-zwierciadle-a-propos-henryka-derwicha\">https:\/\/wbp.poznan.pl\/biblioteka\/wydarzenia-2\/konkurs-plastyczny-rzeczywistosc-w-krzywym-zwierciadle-a-propos-henryka-derwicha<\/a><\/p>\n","protected":false},"excerpt":{"rendered":"<p>Zapraszamy do wzi\u0119cia udzia\u0142u w II edycji konkursu plastycznego \u201eRzeczywisto\u015b\u0107 w krzywym zwierciadle \u2013 \u00c1 propos Henryka Derwicha\u201d. Przedmiotem konkursu s\u0105 prace satyryczne wykonane w dowolnej technice, kt\u00f3re komentowa\u0107 b\u0119d\u0105 wsp\u00f3\u0142czesny \u015bwiat. Regulamin poni\u017cej Wi\u0119cej informacji na stronie https:\/\/wbp.poznan.pl\/biblioteka\/wydarzenia-2\/konkurs-plastyczny-rzeczywistosc-w-krzywym-zwierciadle-a-propos-henryka-derwicha<\/p>\n","protected":false},"author":1,"featured_media":0,"comment_status":"closed","ping_status":"closed","sticky":false,"template":"","format":"standard","meta":{"ngg_post_thumbnail":0,"footnotes":""},"categories":[9],"tags":[],"class_list":["post-8891","post","type-post","status-publish","format-standard","hentry","category-aktualnosci","nodate","item-wrap"],"_links":{"self":[{"href":"https:\/\/www.spak.art.pl\/index.php?rest_route=\/wp\/v2\/posts\/8891","targetHints":{"allow":["GET"]}}],"collection":[{"href":"https:\/\/www.spak.art.pl\/index.php?rest_route=\/wp\/v2\/posts"}],"about":[{"href":"https:\/\/www.spak.art.pl\/index.php?rest_route=\/wp\/v2\/types\/post"}],"author":[{"embeddable":true,"href":"https:\/\/www.spak.art.pl\/index.php?rest_route=\/wp\/v2\/users\/1"}],"replies":[{"embeddable":true,"href":"https:\/\/www.spak.art.pl\/index.php?rest_route=%2Fwp%2Fv2%2Fcomments&post=8891"}],"version-history":[{"count":1,"href":"https:\/\/www.spak.art.pl\/index.php?rest_route=\/wp\/v2\/posts\/8891\/revisions"}],"predecessor-version":[{"id":8895,"href":"https:\/\/www.spak.art.pl\/index.php?rest_route=\/wp\/v2\/posts\/8891\/revisions\/8895"}],"wp:attachment":[{"href":"https:\/\/www.spak.art.pl\/index.php?rest_route=%2Fwp%2Fv2%2Fmedia&parent=8891"}],"wp:term":[{"taxonomy":"category","embeddable":true,"href":"https:\/\/www.spak.art.pl\/index.php?rest_route=%2Fwp%2Fv2%2Fcategories&post=8891"},{"taxonomy":"post_tag","embeddable":true,"href":"https:\/\/www.spak.art.pl\/index.php?rest_route=%2Fwp%2Fv2%2Ftags&post=8891"}],"curies":[{"name":"wp","href":"https:\/\/api.w.org\/{rel}","templated":true}]}}