{"id":8899,"date":"2025-09-08T15:41:56","date_gmt":"2025-09-08T15:41:56","guid":{"rendered":"https:\/\/www.spak.art.pl\/?p=8899"},"modified":"2025-09-08T15:43:09","modified_gmt":"2025-09-08T15:43:09","slug":"wystawa-marka-kwiatkowskiego-w-olsztynie","status":"publish","type":"post","link":"https:\/\/www.spak.art.pl\/?p=8899","title":{"rendered":"Wystawa Marka Kwiatkowskiego w Olsztynie"},"content":{"rendered":"\n<p>Warmi\u0144sko-Mazurski Oddzia\u0142 SDP i Galeria Us\u0142uga Jazz Bar w Olsztynie (Stare Miasto 2) zapraszaj\u0105 <strong>9 wrze\u015bnia, o godz. 18.00<\/strong> na wernisa\u017c wystawy Marka Kwiatkowskiego, laureata Nagrody G\u0142\u00f3wnej im. Aleksandra Wo\u0142osa VII Og\u00f3lnopolskiego Konkursu na Rysunek Prasowy im. Aleksandra Wo\u0142osa. Wydarzenie ubarwi muzycznie Lena Hnatiuk.<\/p>\n\n\n\n<figure class=\"wp-block-image size-full\"><a href=\"https:\/\/www.spak.art.pl\/wp-content\/uploads\/2025\/09\/mk-2025.jpg\"><img loading=\"lazy\" decoding=\"async\" width=\"707\" height=\"1000\" src=\"https:\/\/www.spak.art.pl\/wp-content\/uploads\/2025\/09\/mk-2025.jpg\" alt=\"\" class=\"wp-image-8900\" srcset=\"https:\/\/www.spak.art.pl\/wp-content\/uploads\/2025\/09\/mk-2025.jpg 707w, https:\/\/www.spak.art.pl\/wp-content\/uploads\/2025\/09\/mk-2025-212x300.jpg 212w, https:\/\/www.spak.art.pl\/wp-content\/uploads\/2025\/09\/mk-2025-283x400.jpg 283w\" sizes=\"auto, (max-width: 707px) 100vw, 707px\" \/><\/a><\/figure>\n\n\n\n<p><\/p>\n\n\n\n<p><strong>Marek Kwiatkowski<\/strong><\/p>\n\n\n\n<p><img loading=\"lazy\" decoding=\"async\" width=\"150\" height=\"221\" class=\"wp-image-8901\" style=\"width: 150px;\" src=\"http:\/\/www.spak.art.pl\/wp-content\/uploads\/2025\/09\/MK2-fot-Anna-Amarowicza.jpg\" alt=\"\" srcset=\"https:\/\/www.spak.art.pl\/wp-content\/uploads\/2025\/09\/MK2-fot-Anna-Amarowicza.jpg 272w, https:\/\/www.spak.art.pl\/wp-content\/uploads\/2025\/09\/MK2-fot-Anna-Amarowicza-204x300.jpg 204w\" sizes=\"auto, (max-width: 150px) 100vw, 150px\" \/><\/p>\n\n\n\n<p>Urodzony 28 stycznia 1963 r. w Milan\u00f3wku. Studia w latach 1982-1987 na Wydziale Grafiki warszawskiej ASP. Dyplom z plakatu\u00a0 w pracowni prof. Juliana Pa\u0142ki, z malarstwa w pracowni prof. Jerzego Tch\u00f3rzewskiego. W latach 1988-2000 pracownik dydaktyczny tej uczelni na Wydziale Konserwacji i Restauracji Dzie\u0142 Sztuki w Pracowni Rysunku prof. Mariana Nowi\u0144skiego. Doktorat na Wydziale Grafiki ASP w Warszawie. Zajmuje si\u0119 projektowaniem graficznym, ilustracj\u0105, plakatem, grafik\u0105 wydawnicz\u0105, a tak\u017ce malarstwem, rysunkiem i fotografi\u0105.<\/p>\n\n\n\n<p>Uczestnik wystaw indywidualnych i zbiorowych. Wielokrotnie nagradzany w konkursie Grand Front na Najlepsz\u0105 Ok\u0142adk\u0119 Prasow\u0105 Roku (w latach 2008-16), laureat konkurs\u00f3w malarskich i satyrycznych.<\/p>\n\n\n\n<p>W 2025 r. otrzyma\u0142 Nagrod\u0119 G\u0142\u00f3wn\u0105 w VII Og\u00f3lnopolskim Konkursie Rysunku Prasowego im Aleksandra Wo\u0142osa.<\/p>\n","protected":false},"excerpt":{"rendered":"<p>Warmi\u0144sko-Mazurski Oddzia\u0142 SDP i Galeria Us\u0142uga Jazz Bar w Olsztynie (Stare Miasto 2) zapraszaj\u0105 9 wrze\u015bnia, o godz. 18.00 na wernisa\u017c wystawy Marka Kwiatkowskiego, laureata Nagrody G\u0142\u00f3wnej im. Aleksandra Wo\u0142osa VII Og\u00f3lnopolskiego Konkursu na Rysunek Prasowy im. Aleksandra Wo\u0142osa. Wydarzenie ubarwi muzycznie Lena Hnatiuk. Marek Kwiatkowski Urodzony 28 stycznia 1963 r. w Milan\u00f3wku. Studia w &hellip; <\/p>\n<p><a class=\"more-link btn\" href=\"https:\/\/www.spak.art.pl\/?p=8899\">Kontynuuj czytanie<\/a><\/p>\n","protected":false},"author":1,"featured_media":0,"comment_status":"closed","ping_status":"closed","sticky":false,"template":"","format":"standard","meta":{"ngg_post_thumbnail":0,"footnotes":""},"categories":[9],"tags":[],"class_list":["post-8899","post","type-post","status-publish","format-standard","hentry","category-aktualnosci","nodate","item-wrap"],"_links":{"self":[{"href":"https:\/\/www.spak.art.pl\/index.php?rest_route=\/wp\/v2\/posts\/8899","targetHints":{"allow":["GET"]}}],"collection":[{"href":"https:\/\/www.spak.art.pl\/index.php?rest_route=\/wp\/v2\/posts"}],"about":[{"href":"https:\/\/www.spak.art.pl\/index.php?rest_route=\/wp\/v2\/types\/post"}],"author":[{"embeddable":true,"href":"https:\/\/www.spak.art.pl\/index.php?rest_route=\/wp\/v2\/users\/1"}],"replies":[{"embeddable":true,"href":"https:\/\/www.spak.art.pl\/index.php?rest_route=%2Fwp%2Fv2%2Fcomments&post=8899"}],"version-history":[{"count":1,"href":"https:\/\/www.spak.art.pl\/index.php?rest_route=\/wp\/v2\/posts\/8899\/revisions"}],"predecessor-version":[{"id":8902,"href":"https:\/\/www.spak.art.pl\/index.php?rest_route=\/wp\/v2\/posts\/8899\/revisions\/8902"}],"wp:attachment":[{"href":"https:\/\/www.spak.art.pl\/index.php?rest_route=%2Fwp%2Fv2%2Fmedia&parent=8899"}],"wp:term":[{"taxonomy":"category","embeddable":true,"href":"https:\/\/www.spak.art.pl\/index.php?rest_route=%2Fwp%2Fv2%2Fcategories&post=8899"},{"taxonomy":"post_tag","embeddable":true,"href":"https:\/\/www.spak.art.pl\/index.php?rest_route=%2Fwp%2Fv2%2Ftags&post=8899"}],"curies":[{"name":"wp","href":"https:\/\/api.w.org\/{rel}","templated":true}]}}