{"id":8906,"date":"2025-09-15T10:47:13","date_gmt":"2025-09-15T10:47:13","guid":{"rendered":"https:\/\/www.spak.art.pl\/?p=8906"},"modified":"2025-09-15T10:47:14","modified_gmt":"2025-09-15T10:47:14","slug":"xiii-jurajski-plener-karykaturzystow","status":"publish","type":"post","link":"https:\/\/www.spak.art.pl\/?p=8906","title":{"rendered":"XIII Jurajski Plener Karykaturzyst\u00f3w"},"content":{"rendered":"\n<p>XIII Jurajski Plener Karykaturzyst\u00f3w odby\u0142 si\u0119 w ostatni weekend sierpnia br. Wzi\u0119\u0142o w nim udzia\u0142 13-tu rysownik\u00f3w:<\/p>\n\n\n\n<p><strong>Henryk Cebula, Dariusz D\u0105browski, Robert D\u0105browski, Ryszard Druch, Jerzy Fedro, Marek Gliwa, Sergiusz Kaszkowski, Ryszard Kudzian, Wies\u0142aw Lipecki, S\u0142awomir Lizo\u0144, S\u0142awomir \u0141uczy\u0144ski, Tomasz Niewiadomski oraz Artur Nowicki.<\/strong><\/p>\n\n\n\n<p>Swoje prace na wystaw\u0119 poplenerow\u0105 przys\u0142a\u0142 r\u00f3wnie\u017c&nbsp;<strong>Micha\u0142 Graczyk<\/strong>.<\/p>\n\n\n\n<p>Miejscem spotkania, jak co roku, by\u0142 pensjonat MAGICZNY DW\u00d3R w Jaworzniku k\/ Myszkowa. W trakcie imprezy karykaturzy\u015bci&nbsp; wzi\u0119li udzia\u0142 w plenerowej imprezie, gdzie mieli okazj\u0119 spotka\u0107 si\u0119 z mieszka\u0144cami Myszkowa oraz du\u017c\u0105 grup\u0105 go\u015bci przyjezdnych. Podczas spotkania ch\u0119tni, a by\u0142o ich wielu, pozowali do karykatur.<\/p>\n\n\n\n<p>Rysownicy mieli te\u017c okazj\u0119 zwiedzi\u0107 urokliw\u0105 winnic\u0119 RAJSK\u0104 znajduj\u0105c\u0105 si\u0119 w zacisznym miejscu z dala od wszelkiego zgie\u0142ku. Zwiedzanie po\u0142\u0105czone by\u0142o z degustacj\u0105 wspania\u0142ego wina.<\/p>\n\n\n\n<p>Na zako\u0144czenie pleneru zorganizowano wystaw\u0119 poplenerow\u0105 a tak\u017ce biesiad\u0119, w kt\u00f3rej uczestniczyli m.in. przedstawiciele lokalnych w\u0142adz oraz zaproszeni go\u015bcie. W\u015br\u00f3d nich by\u0142a delegacja z W\u0119gier.<\/p>\n\n\n\n<p>Plener by\u0142 udany. Przebiega\u0142 w weso\u0142ej, mi\u0142ej atmosferze. Powsta\u0142o wiele udanych prac, kt\u00f3re w niedalekiej&nbsp; przysz\u0142o\u015bci b\u0119d\u0105 pokazywane na wystawach.<\/p>\n\n\n\n<p>G\u0142\u00f3wnymi organizatorami byli:<\/p>\n\n\n\n<p>W\u0142adze miasta oraz Miejski Dom Kultury w Myszkowie.<\/p>\n\n\n\n<figure class=\"wp-block-image size-full\"><a href=\"https:\/\/www.spak.art.pl\/wp-content\/uploads\/2025\/09\/pj-25-2.jpg\"><img loading=\"lazy\" decoding=\"async\" width=\"1000\" height=\"685\" src=\"https:\/\/www.spak.art.pl\/wp-content\/uploads\/2025\/09\/pj-25-2.jpg\" alt=\"\" class=\"wp-image-8907\" srcset=\"https:\/\/www.spak.art.pl\/wp-content\/uploads\/2025\/09\/pj-25-2.jpg 1000w, https:\/\/www.spak.art.pl\/wp-content\/uploads\/2025\/09\/pj-25-2-300x206.jpg 300w, https:\/\/www.spak.art.pl\/wp-content\/uploads\/2025\/09\/pj-25-2-768x526.jpg 768w, https:\/\/www.spak.art.pl\/wp-content\/uploads\/2025\/09\/pj-25-2-584x400.jpg 584w, https:\/\/www.spak.art.pl\/wp-content\/uploads\/2025\/09\/pj-25-2-970x664.jpg 970w\" sizes=\"auto, (max-width: 1000px) 100vw, 1000px\" \/><\/a><\/figure>\n\n\n\n<figure class=\"wp-block-image size-full\"><a href=\"https:\/\/www.spak.art.pl\/wp-content\/uploads\/2025\/09\/540528088_24438514182426324_2210298346230382705_n.jpg\"><img loading=\"lazy\" decoding=\"async\" width=\"720\" height=\"960\" src=\"https:\/\/www.spak.art.pl\/wp-content\/uploads\/2025\/09\/540528088_24438514182426324_2210298346230382705_n.jpg\" alt=\"\" class=\"wp-image-8908\" srcset=\"https:\/\/www.spak.art.pl\/wp-content\/uploads\/2025\/09\/540528088_24438514182426324_2210298346230382705_n.jpg 720w, https:\/\/www.spak.art.pl\/wp-content\/uploads\/2025\/09\/540528088_24438514182426324_2210298346230382705_n-225x300.jpg 225w, https:\/\/www.spak.art.pl\/wp-content\/uploads\/2025\/09\/540528088_24438514182426324_2210298346230382705_n-300x400.jpg 300w\" sizes=\"auto, (max-width: 720px) 100vw, 720px\" \/><\/a><\/figure>\n\n\n\n<figure class=\"wp-block-image size-full\"><a href=\"https:\/\/www.spak.art.pl\/wp-content\/uploads\/2025\/09\/515439462_24440645248879884_955647819477391312_n.jpg\"><img loading=\"lazy\" decoding=\"async\" width=\"720\" height=\"960\" src=\"https:\/\/www.spak.art.pl\/wp-content\/uploads\/2025\/09\/515439462_24440645248879884_955647819477391312_n.jpg\" alt=\"\" class=\"wp-image-8909\" srcset=\"https:\/\/www.spak.art.pl\/wp-content\/uploads\/2025\/09\/515439462_24440645248879884_955647819477391312_n.jpg 720w, https:\/\/www.spak.art.pl\/wp-content\/uploads\/2025\/09\/515439462_24440645248879884_955647819477391312_n-225x300.jpg 225w, https:\/\/www.spak.art.pl\/wp-content\/uploads\/2025\/09\/515439462_24440645248879884_955647819477391312_n-300x400.jpg 300w\" sizes=\"auto, (max-width: 720px) 100vw, 720px\" \/><\/a><\/figure>\n\n\n\n<figure class=\"wp-block-image size-full\"><a href=\"https:\/\/www.spak.art.pl\/wp-content\/uploads\/2025\/09\/plener4.jpg\"><img loading=\"lazy\" decoding=\"async\" width=\"467\" height=\"700\" src=\"https:\/\/www.spak.art.pl\/wp-content\/uploads\/2025\/09\/plener4.jpg\" alt=\"\" class=\"wp-image-8910\" srcset=\"https:\/\/www.spak.art.pl\/wp-content\/uploads\/2025\/09\/plener4.jpg 467w, https:\/\/www.spak.art.pl\/wp-content\/uploads\/2025\/09\/plener4-200x300.jpg 200w, https:\/\/www.spak.art.pl\/wp-content\/uploads\/2025\/09\/plener4-267x400.jpg 267w\" sizes=\"auto, (max-width: 467px) 100vw, 467px\" \/><\/a><\/figure>\n\n\n\n<figure class=\"wp-block-image size-full\"><a href=\"https:\/\/www.spak.art.pl\/wp-content\/uploads\/2025\/09\/541474838_24447353618209047_3116656610130016203_n.jpg\"><img loading=\"lazy\" decoding=\"async\" width=\"720\" height=\"960\" src=\"https:\/\/www.spak.art.pl\/wp-content\/uploads\/2025\/09\/541474838_24447353618209047_3116656610130016203_n.jpg\" alt=\"\" class=\"wp-image-8911\" srcset=\"https:\/\/www.spak.art.pl\/wp-content\/uploads\/2025\/09\/541474838_24447353618209047_3116656610130016203_n.jpg 720w, https:\/\/www.spak.art.pl\/wp-content\/uploads\/2025\/09\/541474838_24447353618209047_3116656610130016203_n-225x300.jpg 225w, https:\/\/www.spak.art.pl\/wp-content\/uploads\/2025\/09\/541474838_24447353618209047_3116656610130016203_n-300x400.jpg 300w\" sizes=\"auto, (max-width: 720px) 100vw, 720px\" \/><\/a><\/figure>\n\n\n\n<figure class=\"wp-block-image size-large is-resized\"><a href=\"https:\/\/www.spak.art.pl\/wp-content\/uploads\/2025\/09\/plener11.jpg\"><img loading=\"lazy\" decoding=\"async\" width=\"682\" height=\"1024\" src=\"https:\/\/www.spak.art.pl\/wp-content\/uploads\/2025\/09\/plener11-682x1024.jpg\" alt=\"\" class=\"wp-image-8912\" style=\"width:682px;height:auto\" srcset=\"https:\/\/www.spak.art.pl\/wp-content\/uploads\/2025\/09\/plener11-682x1024.jpg 682w, https:\/\/www.spak.art.pl\/wp-content\/uploads\/2025\/09\/plener11-200x300.jpg 200w, https:\/\/www.spak.art.pl\/wp-content\/uploads\/2025\/09\/plener11-768x1152.jpg 768w, https:\/\/www.spak.art.pl\/wp-content\/uploads\/2025\/09\/plener11-1024x1536.jpg 1024w, https:\/\/www.spak.art.pl\/wp-content\/uploads\/2025\/09\/plener11-267x400.jpg 267w, https:\/\/www.spak.art.pl\/wp-content\/uploads\/2025\/09\/plener11-970x1455.jpg 970w, https:\/\/www.spak.art.pl\/wp-content\/uploads\/2025\/09\/plener11.jpg 1181w\" sizes=\"auto, (max-width: 682px) 100vw, 682px\" \/><\/a><\/figure>\n\n\n\n<figure class=\"wp-block-image size-full\"><a href=\"https:\/\/www.spak.art.pl\/wp-content\/uploads\/2025\/09\/540687071_24447353921542350_1070833586549052851_n.jpg\"><img loading=\"lazy\" decoding=\"async\" width=\"720\" height=\"960\" src=\"https:\/\/www.spak.art.pl\/wp-content\/uploads\/2025\/09\/540687071_24447353921542350_1070833586549052851_n.jpg\" alt=\"\" class=\"wp-image-8913\" srcset=\"https:\/\/www.spak.art.pl\/wp-content\/uploads\/2025\/09\/540687071_24447353921542350_1070833586549052851_n.jpg 720w, https:\/\/www.spak.art.pl\/wp-content\/uploads\/2025\/09\/540687071_24447353921542350_1070833586549052851_n-225x300.jpg 225w, https:\/\/www.spak.art.pl\/wp-content\/uploads\/2025\/09\/540687071_24447353921542350_1070833586549052851_n-300x400.jpg 300w\" sizes=\"auto, (max-width: 720px) 100vw, 720px\" \/><\/a><\/figure>\n\n\n","protected":false},"excerpt":{"rendered":"<p>XIII Jurajski Plener Karykaturzyst\u00f3w odby\u0142 si\u0119 w ostatni weekend sierpnia br. Wzi\u0119\u0142o w nim udzia\u0142 13-tu rysownik\u00f3w: Henryk Cebula, Dariusz D\u0105browski, Robert D\u0105browski, Ryszard Druch, Jerzy Fedro, Marek Gliwa, Sergiusz Kaszkowski, Ryszard Kudzian, Wies\u0142aw Lipecki, S\u0142awomir Lizo\u0144, S\u0142awomir \u0141uczy\u0144ski, Tomasz Niewiadomski oraz Artur Nowicki. Swoje prace na wystaw\u0119 poplenerow\u0105 przys\u0142a\u0142 r\u00f3wnie\u017c&nbsp;Micha\u0142 Graczyk. Miejscem spotkania, jak &hellip; <\/p>\n<p><a class=\"more-link btn\" href=\"https:\/\/www.spak.art.pl\/?p=8906\">Kontynuuj czytanie<\/a><\/p>\n","protected":false},"author":1,"featured_media":0,"comment_status":"closed","ping_status":"closed","sticky":false,"template":"","format":"standard","meta":{"ngg_post_thumbnail":0,"footnotes":""},"categories":[9],"tags":[],"class_list":["post-8906","post","type-post","status-publish","format-standard","hentry","category-aktualnosci","nodate","item-wrap"],"_links":{"self":[{"href":"https:\/\/www.spak.art.pl\/index.php?rest_route=\/wp\/v2\/posts\/8906","targetHints":{"allow":["GET"]}}],"collection":[{"href":"https:\/\/www.spak.art.pl\/index.php?rest_route=\/wp\/v2\/posts"}],"about":[{"href":"https:\/\/www.spak.art.pl\/index.php?rest_route=\/wp\/v2\/types\/post"}],"author":[{"embeddable":true,"href":"https:\/\/www.spak.art.pl\/index.php?rest_route=\/wp\/v2\/users\/1"}],"replies":[{"embeddable":true,"href":"https:\/\/www.spak.art.pl\/index.php?rest_route=%2Fwp%2Fv2%2Fcomments&post=8906"}],"version-history":[{"count":1,"href":"https:\/\/www.spak.art.pl\/index.php?rest_route=\/wp\/v2\/posts\/8906\/revisions"}],"predecessor-version":[{"id":8914,"href":"https:\/\/www.spak.art.pl\/index.php?rest_route=\/wp\/v2\/posts\/8906\/revisions\/8914"}],"wp:attachment":[{"href":"https:\/\/www.spak.art.pl\/index.php?rest_route=%2Fwp%2Fv2%2Fmedia&parent=8906"}],"wp:term":[{"taxonomy":"category","embeddable":true,"href":"https:\/\/www.spak.art.pl\/index.php?rest_route=%2Fwp%2Fv2%2Fcategories&post=8906"},{"taxonomy":"post_tag","embeddable":true,"href":"https:\/\/www.spak.art.pl\/index.php?rest_route=%2Fwp%2Fv2%2Ftags&post=8906"}],"curies":[{"name":"wp","href":"https:\/\/api.w.org\/{rel}","templated":true}]}}