{"id":8923,"date":"2025-09-19T17:16:05","date_gmt":"2025-09-19T17:16:05","guid":{"rendered":"https:\/\/www.spak.art.pl\/?p=8923"},"modified":"2025-09-19T17:16:05","modified_gmt":"2025-09-19T17:16:05","slug":"satyryczny-komentarz-w-obrazach-wystawa-marka-kwiatkowskiego","status":"publish","type":"post","link":"https:\/\/www.spak.art.pl\/?p=8923","title":{"rendered":"Satyryczny komentarz w obrazach \u2013 wystawa Marka Kwiatkowskiego"},"content":{"rendered":"\n<p><strong>Laureat VII edycji Og\u00f3lnopolskiego Konkursu na Rysunek Prasowy im. Aleksandra Wo\u0142osa, Marek Kwiatkowski, zaprezentowa\u0142 swoje prace w olszty\u0144skiej Galerii Us\u0142uga Jazz Bar. Wernisa\u017c odby\u0142 si\u0119 9 wrze\u015bnia i zgromadzi\u0142 licznych mi\u0142o\u015bnik\u00f3w sztuki oraz \u015brodowisko artystyczne miasta.<\/strong><\/p>\n\n\n\n<p>Olszty\u0144ska Galeria Us\u0142uga na Starym Mie\u015bcie wype\u0142ni\u0142a si\u0119 9 wrze\u015bnia publiczno\u015bci\u0105, kt\u00f3ra przysz\u0142a na spotkanie ze sztuk\u0105 Marka Kwiatkowskiego \u2013 wybitnego grafika, plakacisty i ilustratora, nagrodzonego w tym roku Nagrod\u0105 G\u0142\u00f3wn\u0105 w VII Og\u00f3lnopolskim Konkursie na Rysunek Prasowy im. Aleksandra Wo\u0142osa.<\/p>\n\n\n\n<p>Na ekspozycji znalaz\u0142y si\u0119 wybrane rysunki i grafiki, w kt\u00f3rych artysta od kilku lat komentuje wsp\u00f3\u0142czesn\u0105 rzeczywisto\u015b\u0107 za pomoc\u0105 celnych metafor i wyrazistej kreski. Wystawa stanowi nie tylko podsumowanie jego dorobku, ale r\u00f3wnie\u017c przypomnienie, \u017ce sztuka rysunku prasowego nadal odgrywa istotn\u0105 rol\u0119 w dyskusji publicznej.<\/p>\n\n\n\n<p>Wiecz\u00f3r u\u015bwietni\u0142 muzyczny wyst\u0119p Leny Hnatiuk, tworz\u0105c atmosfer\u0119 \u0142\u0105cz\u0105c\u0105 sztuki wizualne z d\u017awi\u0119kiem. Publiczno\u015b\u0107 mia\u0142a okazj\u0119 nie tylko obejrze\u0107 prace laureata presti\u017cowych konkurs\u00f3w, ale r\u00f3wnie\u017c porozmawia\u0107 z artyst\u0105 o jego drodze tw\u00f3rczej. Wystaw\u0119 mo\u017cna ogl\u0105da\u0107 do 25 wrze\u015bnia 2025r.<\/p>\n\n\n\n<p>Wi\u0119cej zdj\u0119\u0107 i informacji na stronie<\/p>\n\n\n\n<p><a href=\"https:\/\/sdpolsztynpl.wordpress.com\/2025\/09\/17\/satyryczny-komentarz-w-obrazach-marek-kwiatkowski-otworzyl-wystawe-w-olsztynie\/\">https:\/\/sdpolsztynpl.wordpress.com\/2025\/09\/17\/satyryczny-komentarz-w-obrazach-marek-kwiatkowski-otworzyl-wystawe-w-olsztynie\/<\/a><\/p>\n\n\n\n<figure class=\"wp-block-image size-full\"><a href=\"https:\/\/www.spak.art.pl\/wp-content\/uploads\/2025\/09\/jank4.jpg\"><img loading=\"lazy\" decoding=\"async\" width=\"900\" height=\"665\" src=\"https:\/\/www.spak.art.pl\/wp-content\/uploads\/2025\/09\/jank4.jpg\" alt=\"\" class=\"wp-image-8924\" srcset=\"https:\/\/www.spak.art.pl\/wp-content\/uploads\/2025\/09\/jank4.jpg 900w, https:\/\/www.spak.art.pl\/wp-content\/uploads\/2025\/09\/jank4-300x222.jpg 300w, https:\/\/www.spak.art.pl\/wp-content\/uploads\/2025\/09\/jank4-768x567.jpg 768w, https:\/\/www.spak.art.pl\/wp-content\/uploads\/2025\/09\/jank4-541x400.jpg 541w\" sizes=\"auto, (max-width: 900px) 100vw, 900px\" \/><\/a><\/figure>\n\n\n\n<figure class=\"wp-block-image size-full\"><a href=\"https:\/\/www.spak.art.pl\/wp-content\/uploads\/2025\/09\/jank1.jpg\"><img loading=\"lazy\" decoding=\"async\" width=\"900\" height=\"600\" src=\"https:\/\/www.spak.art.pl\/wp-content\/uploads\/2025\/09\/jank1.jpg\" alt=\"\" class=\"wp-image-8925\" srcset=\"https:\/\/www.spak.art.pl\/wp-content\/uploads\/2025\/09\/jank1.jpg 900w, https:\/\/www.spak.art.pl\/wp-content\/uploads\/2025\/09\/jank1-300x200.jpg 300w, https:\/\/www.spak.art.pl\/wp-content\/uploads\/2025\/09\/jank1-768x512.jpg 768w, https:\/\/www.spak.art.pl\/wp-content\/uploads\/2025\/09\/jank1-600x400.jpg 600w\" sizes=\"auto, (max-width: 900px) 100vw, 900px\" \/><\/a><\/figure>\n\n\n\n<figure class=\"wp-block-image size-full\"><a href=\"https:\/\/www.spak.art.pl\/wp-content\/uploads\/2025\/09\/jank3.jpg\"><img loading=\"lazy\" decoding=\"async\" width=\"900\" height=\"665\" src=\"https:\/\/www.spak.art.pl\/wp-content\/uploads\/2025\/09\/jank3.jpg\" alt=\"\" class=\"wp-image-8926\" srcset=\"https:\/\/www.spak.art.pl\/wp-content\/uploads\/2025\/09\/jank3.jpg 900w, https:\/\/www.spak.art.pl\/wp-content\/uploads\/2025\/09\/jank3-300x222.jpg 300w, https:\/\/www.spak.art.pl\/wp-content\/uploads\/2025\/09\/jank3-768x567.jpg 768w, https:\/\/www.spak.art.pl\/wp-content\/uploads\/2025\/09\/jank3-541x400.jpg 541w\" sizes=\"auto, (max-width: 900px) 100vw, 900px\" \/><\/a><\/figure>\n","protected":false},"excerpt":{"rendered":"<p>Laureat VII edycji Og\u00f3lnopolskiego Konkursu na Rysunek Prasowy im. Aleksandra Wo\u0142osa, Marek Kwiatkowski, zaprezentowa\u0142 swoje prace w olszty\u0144skiej Galerii Us\u0142uga Jazz Bar. Wernisa\u017c odby\u0142 si\u0119 9 wrze\u015bnia i zgromadzi\u0142 licznych mi\u0142o\u015bnik\u00f3w sztuki oraz \u015brodowisko artystyczne miasta. Olszty\u0144ska Galeria Us\u0142uga na Starym Mie\u015bcie wype\u0142ni\u0142a si\u0119 9 wrze\u015bnia publiczno\u015bci\u0105, kt\u00f3ra przysz\u0142a na spotkanie ze sztuk\u0105 Marka Kwiatkowskiego &hellip; <\/p>\n<p><a class=\"more-link btn\" href=\"https:\/\/www.spak.art.pl\/?p=8923\">Kontynuuj czytanie<\/a><\/p>\n","protected":false},"author":1,"featured_media":0,"comment_status":"closed","ping_status":"closed","sticky":false,"template":"","format":"standard","meta":{"ngg_post_thumbnail":0,"footnotes":""},"categories":[9],"tags":[],"class_list":["post-8923","post","type-post","status-publish","format-standard","hentry","category-aktualnosci","nodate","item-wrap"],"_links":{"self":[{"href":"https:\/\/www.spak.art.pl\/index.php?rest_route=\/wp\/v2\/posts\/8923","targetHints":{"allow":["GET"]}}],"collection":[{"href":"https:\/\/www.spak.art.pl\/index.php?rest_route=\/wp\/v2\/posts"}],"about":[{"href":"https:\/\/www.spak.art.pl\/index.php?rest_route=\/wp\/v2\/types\/post"}],"author":[{"embeddable":true,"href":"https:\/\/www.spak.art.pl\/index.php?rest_route=\/wp\/v2\/users\/1"}],"replies":[{"embeddable":true,"href":"https:\/\/www.spak.art.pl\/index.php?rest_route=%2Fwp%2Fv2%2Fcomments&post=8923"}],"version-history":[{"count":2,"href":"https:\/\/www.spak.art.pl\/index.php?rest_route=\/wp\/v2\/posts\/8923\/revisions"}],"predecessor-version":[{"id":8928,"href":"https:\/\/www.spak.art.pl\/index.php?rest_route=\/wp\/v2\/posts\/8923\/revisions\/8928"}],"wp:attachment":[{"href":"https:\/\/www.spak.art.pl\/index.php?rest_route=%2Fwp%2Fv2%2Fmedia&parent=8923"}],"wp:term":[{"taxonomy":"category","embeddable":true,"href":"https:\/\/www.spak.art.pl\/index.php?rest_route=%2Fwp%2Fv2%2Fcategories&post=8923"},{"taxonomy":"post_tag","embeddable":true,"href":"https:\/\/www.spak.art.pl\/index.php?rest_route=%2Fwp%2Fv2%2Ftags&post=8923"}],"curies":[{"name":"wp","href":"https:\/\/api.w.org\/{rel}","templated":true}]}}