{"id":8957,"date":"2025-10-13T10:20:50","date_gmt":"2025-10-13T10:20:50","guid":{"rendered":"https:\/\/www.spak.art.pl\/?p=8957"},"modified":"2025-10-13T10:20:51","modified_gmt":"2025-10-13T10:20:51","slug":"bartek-belniak-na-bis-w-bielsku-bialej","status":"publish","type":"post","link":"https:\/\/www.spak.art.pl\/?p=8957","title":{"rendered":"BARTEK BELNIAK NA BIS W BIELSKU-BIA\u0141EJ"},"content":{"rendered":"\n<figure class=\"wp-block-image size-full\"><a href=\"https:\/\/www.spak.art.pl\/wp-content\/uploads\/2025\/10\/Bartek-1.jpg\"><img loading=\"lazy\" decoding=\"async\" width=\"900\" height=\"599\" src=\"https:\/\/www.spak.art.pl\/wp-content\/uploads\/2025\/10\/Bartek-1.jpg\" alt=\"\" class=\"wp-image-8958\" srcset=\"https:\/\/www.spak.art.pl\/wp-content\/uploads\/2025\/10\/Bartek-1.jpg 900w, https:\/\/www.spak.art.pl\/wp-content\/uploads\/2025\/10\/Bartek-1-300x200.jpg 300w, https:\/\/www.spak.art.pl\/wp-content\/uploads\/2025\/10\/Bartek-1-768x511.jpg 768w, https:\/\/www.spak.art.pl\/wp-content\/uploads\/2025\/10\/Bartek-1-601x400.jpg 601w\" sizes=\"auto, (max-width: 900px) 100vw, 900px\" \/><\/a><\/figure>\n\n\n\n<p><\/p>\n\n\n\n<p>Druga (po pokazywanej w 2023 roku w Ksi\u0105\u017cnicy Beskidzkiej) indywidualna wystawa prac Bart\u0142omieja Belniaka w Bielsku-Bia\u0142ej mia\u0142a miejsce od po\u0142owy wrze\u015bnia br. w presti\u017cowej lokalizacji miejskiej Bielskiego Centrum Kultury im. Marii Koterbskiej.<\/p>\n\n\n\n<p>W przestrzeni galeryjnej popularnego nie tylko w regionie BCK-u, w kt\u00f3rym od lat koncertuj\u0105 przede wszystkim tuzy polskiej i europejskiej muzyki rozrywkowej, zaprezentowanych zosta\u0142o kilkadziesi\u0105t rysunk\u00f3w satyrycznych autora, kt\u00f3ry na co dzie\u0144 mieszka w Gorlicach, ale 6 pa\u017adziernika osobi\u015bcie pojawi\u0142 si\u0119 w stolicy Podbeskidzia na finisa\u017cu po\u0142\u0105czonym z nieformalnym spotkaniem z mi\u0142o\u015bnikami humorystycznych, ironicznych opowie\u015bci wizualnych. Ekspozycja Belniaka jest drug\u0105 propozycj\u0105 ukazania nietuzinkowego, pos\u0142uguj\u0105cego si\u0119 r\u00f3wnie\u017c skr\u00f3tem artystycznej prowokacji spojrzenia na \u015bwiat za pomoc\u0105 rysunku satyrycznego, b\u0105d\u017a karykatury, kt\u00f3ra wpisuje si\u0119 w ramy nowego cyklu ABCK Cooltury. &nbsp;<\/p>\n\n\n\n<p>Finisa\u017c wystawy w ramach cyklu ABCK Cooltury przebieg\u0142 w atmosferze artystycznej, ale i\u2026 sportowej \u2014 bo ka\u017cdy odwiedzaj\u0105cy musia\u0142 (dos\u0142ownie!) zderzy\u0107 si\u0119 z autorem, aby otrzyma\u0107 wyj\u0105tkowy \u201eCertyfikat Zderzenia z Belniakiem\u201d. &nbsp;<\/p>\n\n\n\n<p>Gdy ju\u017c wszyscy nasycili ducha (i po\u015bmiali si\u0119 do syta), akordeonista Dariusz Klimek porwa\u0142 publik\u0119 w radosny korow\u00f3d na pi\u0119tro, gdzie w <em>Cafe Maria<\/em> czeka\u0142 pocz\u0119stunek z kultowym sernikiem pani Marii (wed\u0142ug oryginalnego przepisu patronki instytucji, legendarnej piosenkarki Marii Koterbskiej). Tam mo\u017cna by\u0142o ju\u017c spokojnie poplotkowa\u0107 z autorem, dopi\u0107 kaw\u0119 i \u2014 zgodnie z tradycj\u0105 \u2014 sprawdzi\u0107, czy certyfikat faktycznie dzia\u0142a.<\/p>\n\n\n\n<p>By\u0142o zabawnie, serdecznie i tak, jak lubimy najbardziej \u2014 z humorem, muzyk\u0105 i sztuk\u0105, kt\u00f3ra \u0142\u0105czy ludzi, nawet zderzaj\u0105c ich ze sob\u0105!<\/p>\n\n\n\n<figure class=\"wp-block-image size-full\"><a href=\"https:\/\/www.spak.art.pl\/wp-content\/uploads\/2025\/10\/564585534_10233512317204033_8297988593692830830_n.jpg\"><img loading=\"lazy\" decoding=\"async\" width=\"900\" height=\"599\" src=\"https:\/\/www.spak.art.pl\/wp-content\/uploads\/2025\/10\/564585534_10233512317204033_8297988593692830830_n.jpg\" alt=\"\" class=\"wp-image-8959\" srcset=\"https:\/\/www.spak.art.pl\/wp-content\/uploads\/2025\/10\/564585534_10233512317204033_8297988593692830830_n.jpg 900w, https:\/\/www.spak.art.pl\/wp-content\/uploads\/2025\/10\/564585534_10233512317204033_8297988593692830830_n-300x200.jpg 300w, https:\/\/www.spak.art.pl\/wp-content\/uploads\/2025\/10\/564585534_10233512317204033_8297988593692830830_n-768x511.jpg 768w, https:\/\/www.spak.art.pl\/wp-content\/uploads\/2025\/10\/564585534_10233512317204033_8297988593692830830_n-601x400.jpg 601w\" sizes=\"auto, (max-width: 900px) 100vw, 900px\" \/><\/a><\/figure>\n\n\n\n<figure class=\"wp-block-image size-full\"><a href=\"https:\/\/www.spak.art.pl\/wp-content\/uploads\/2025\/10\/563451623_10233512319924101_7996752842911445475_n.jpg\"><img loading=\"lazy\" decoding=\"async\" width=\"900\" height=\"599\" src=\"https:\/\/www.spak.art.pl\/wp-content\/uploads\/2025\/10\/563451623_10233512319924101_7996752842911445475_n.jpg\" alt=\"\" class=\"wp-image-8960\" srcset=\"https:\/\/www.spak.art.pl\/wp-content\/uploads\/2025\/10\/563451623_10233512319924101_7996752842911445475_n.jpg 900w, https:\/\/www.spak.art.pl\/wp-content\/uploads\/2025\/10\/563451623_10233512319924101_7996752842911445475_n-300x200.jpg 300w, https:\/\/www.spak.art.pl\/wp-content\/uploads\/2025\/10\/563451623_10233512319924101_7996752842911445475_n-768x511.jpg 768w, https:\/\/www.spak.art.pl\/wp-content\/uploads\/2025\/10\/563451623_10233512319924101_7996752842911445475_n-601x400.jpg 601w\" sizes=\"auto, (max-width: 900px) 100vw, 900px\" \/><\/a><\/figure>\n","protected":false},"excerpt":{"rendered":"<p>Druga (po pokazywanej w 2023 roku w Ksi\u0105\u017cnicy Beskidzkiej) indywidualna wystawa prac Bart\u0142omieja Belniaka w Bielsku-Bia\u0142ej mia\u0142a miejsce od po\u0142owy wrze\u015bnia br. w presti\u017cowej lokalizacji miejskiej Bielskiego Centrum Kultury im. Marii Koterbskiej. W przestrzeni galeryjnej popularnego nie tylko w regionie BCK-u, w kt\u00f3rym od lat koncertuj\u0105 przede wszystkim tuzy polskiej i europejskiej muzyki rozrywkowej, zaprezentowanych &hellip; <\/p>\n<p><a class=\"more-link btn\" href=\"https:\/\/www.spak.art.pl\/?p=8957\">Kontynuuj czytanie<\/a><\/p>\n","protected":false},"author":1,"featured_media":0,"comment_status":"closed","ping_status":"closed","sticky":false,"template":"","format":"standard","meta":{"ngg_post_thumbnail":0,"footnotes":""},"categories":[9],"tags":[],"class_list":["post-8957","post","type-post","status-publish","format-standard","hentry","category-aktualnosci","nodate","item-wrap"],"_links":{"self":[{"href":"https:\/\/www.spak.art.pl\/index.php?rest_route=\/wp\/v2\/posts\/8957","targetHints":{"allow":["GET"]}}],"collection":[{"href":"https:\/\/www.spak.art.pl\/index.php?rest_route=\/wp\/v2\/posts"}],"about":[{"href":"https:\/\/www.spak.art.pl\/index.php?rest_route=\/wp\/v2\/types\/post"}],"author":[{"embeddable":true,"href":"https:\/\/www.spak.art.pl\/index.php?rest_route=\/wp\/v2\/users\/1"}],"replies":[{"embeddable":true,"href":"https:\/\/www.spak.art.pl\/index.php?rest_route=%2Fwp%2Fv2%2Fcomments&post=8957"}],"version-history":[{"count":1,"href":"https:\/\/www.spak.art.pl\/index.php?rest_route=\/wp\/v2\/posts\/8957\/revisions"}],"predecessor-version":[{"id":8961,"href":"https:\/\/www.spak.art.pl\/index.php?rest_route=\/wp\/v2\/posts\/8957\/revisions\/8961"}],"wp:attachment":[{"href":"https:\/\/www.spak.art.pl\/index.php?rest_route=%2Fwp%2Fv2%2Fmedia&parent=8957"}],"wp:term":[{"taxonomy":"category","embeddable":true,"href":"https:\/\/www.spak.art.pl\/index.php?rest_route=%2Fwp%2Fv2%2Fcategories&post=8957"},{"taxonomy":"post_tag","embeddable":true,"href":"https:\/\/www.spak.art.pl\/index.php?rest_route=%2Fwp%2Fv2%2Ftags&post=8957"}],"curies":[{"name":"wp","href":"https:\/\/api.w.org\/{rel}","templated":true}]}}