{"id":8964,"date":"2025-10-15T18:47:14","date_gmt":"2025-10-15T18:47:14","guid":{"rendered":"https:\/\/www.spak.art.pl\/?p=8964"},"modified":"2025-10-15T18:47:14","modified_gmt":"2025-10-15T18:47:14","slug":"konkursu-z-cyklu-a-propos-derwicha-rozstrzygniety","status":"publish","type":"post","link":"https:\/\/www.spak.art.pl\/?p=8964","title":{"rendered":"Konkursu z cyklu &#8222;A propos Derwicha&#8221; rozstrzygni\u0119ty"},"content":{"rendered":"\n<p>RZECZYWISTO\u015a\u0106 W KRZYWYM ZWIERCIADLE to temat rozstrzygni\u0119tego w\u0142a\u015bnie konkursu z cyklu &#8222;A propos Derwicha&#8221;, zorganizowanego przez Wojew\u00f3dzk\u0105 Bibliotek\u0119 Publiczn\u0105 w Poznaniu.<\/p>\n\n\n\n<p>Jury konkursu plastycznego \u201eRzeczywisto\u015b\u0107 w krzywym zwierciadle \u2013 \u00c0 propos Henryka Derwicha\u201d, po zapoznaniu si\u0119 z 220 pracami przes\u0142anymi przez 70 autor\u00f3w, wy\u0142oni\u0142o laureat\u00f3w satyrycznych zmaga\u0144.<\/p>\n\n\n\n<p>Z ogromn\u0105 przyjemno\u015bci\u0105 og\u0142aszamy zwyci\u0119zc\u00f3w:<\/p>\n\n\n\n<p>I miejsce: Daniel Krysta za prac\u0119 \u201eDekalog\u201d (5500 z\u0142 brutto)<\/p>\n\n\n\n<p>II miejsce: Waldemar Ruk\u015b\u0107 za prac\u0119 \u201eSegregacja\u201d (3500 z\u0142 brutto)<\/p>\n\n\n\n<p>III miejsce: Czes\u0142aw Prz\u0119zak za prac\u0119 \u201eOni ju\u017c tu byli \u2013 Kol\u0119dnicy\u201d (2500 z\u0142 brutto)<\/p>\n\n\n\n<p>Wernisa\u017c wystawy wybranych prac wraz z wr\u0119czeniem nagr\u00f3d odb\u0119dzie si\u0119 10 grudnia 2025 r. (\u015broda) o godz. 18.00 w Wojew\u00f3dzkiej Bibliotece Publicznej i Centrum Animacji Kultury w Poznaniu przy ul. Boles\u0142awa Prusa 3.<\/p>\n\n\n\n<p>Wcze\u015bniej prace b\u0119dzie mo\u017cna ogl\u0105da\u0107 w:<\/p>\n\n\n\n<p><a href=\"https:\/\/www.facebook.com\/mbpleszno?__cft__%5b0%5d=AZVYuzU64f3R_ZFOUtGpJjKtTlDk1fr6gVd17UnG1ZKfFKSgiI_T8ch8exJYYXoK_Q1madkpqglyy0fALLxbD5b0h1ZWcqLMJLXlMBxJBoQhezyxCwv8LIXuKNv6QbfKxhsrrioPqgDxPuzKGCK1fP_2NRNynenUESRmW1nwbikYkD9AsSYEwCEsPuEIAtcc7WvZFPXjf1Vs7FeCvvd7a7hLFOd8A1gjtzJ-3LAeZ2129g&amp;__tn__=-%5dK-y-R\"><strong>Miejska Biblioteka Publiczna im. Stanis\u0142awa Grochowiaka w Lesznie<\/strong><\/a> (4 XI, godz. 17.00 \u2013 wernisa\u017c)<\/p>\n\n\n\n<p><a href=\"https:\/\/www.facebook.com\/BibliotekaPleszew?__cft__%5b0%5d=AZVYuzU64f3R_ZFOUtGpJjKtTlDk1fr6gVd17UnG1ZKfFKSgiI_T8ch8exJYYXoK_Q1madkpqglyy0fALLxbD5b0h1ZWcqLMJLXlMBxJBoQhezyxCwv8LIXuKNv6QbfKxhsrrioPqgDxPuzKGCK1fP_2NRNynenUESRmW1nwbikYkD9AsSYEwCEsPuEIAtcc7WvZFPXjf1Vs7FeCvvd7a7hLFOd8A1gjtzJ-3LAeZ2129g&amp;__tn__=-%5dK-y-R\"><strong>Biblioteka Publiczna Miasta i Gminy w Pleszewie<\/strong><\/a> (28 XI, godz. 17.00 \u2013 wernisa\u017c i prelekcja Ma\u0142gorzaty Derwich-Paweli i Dariusza \u0141ab\u0119dzkiego).<\/p>\n\n\n\n<p>Wszystkim laureatom serdecznie gratulujemy i ju\u017c dzi\u015b zapraszamy na wystawy!<\/p>\n\n\n\n<p><em>Fot. Izabela Wielicka, Anna Smirnow<\/em><\/p>\n\n\n\n<figure class=\"wp-block-image size-full\"><a href=\"https:\/\/www.spak.art.pl\/wp-content\/uploads\/2025\/10\/565935683_1249442493890118_3478783390981873982_n.jpg\"><img loading=\"lazy\" decoding=\"async\" width=\"900\" height=\"636\" src=\"https:\/\/www.spak.art.pl\/wp-content\/uploads\/2025\/10\/565935683_1249442493890118_3478783390981873982_n.jpg\" alt=\"\" class=\"wp-image-8965\" srcset=\"https:\/\/www.spak.art.pl\/wp-content\/uploads\/2025\/10\/565935683_1249442493890118_3478783390981873982_n.jpg 900w, https:\/\/www.spak.art.pl\/wp-content\/uploads\/2025\/10\/565935683_1249442493890118_3478783390981873982_n-300x212.jpg 300w, https:\/\/www.spak.art.pl\/wp-content\/uploads\/2025\/10\/565935683_1249442493890118_3478783390981873982_n-768x543.jpg 768w, https:\/\/www.spak.art.pl\/wp-content\/uploads\/2025\/10\/565935683_1249442493890118_3478783390981873982_n-566x400.jpg 566w\" sizes=\"auto, (max-width: 900px) 100vw, 900px\" \/><\/a><\/figure>\n\n\n\n<p>I miejsce: Daniel Krysta za prac\u0119 \u201eDekalog\u201d<\/p>\n\n\n\n<figure class=\"wp-block-image size-full\"><a href=\"https:\/\/www.spak.art.pl\/wp-content\/uploads\/2025\/10\/565667845_1249442443890123_8907740963304516033_n.jpg\"><img loading=\"lazy\" decoding=\"async\" width=\"900\" height=\"650\" src=\"https:\/\/www.spak.art.pl\/wp-content\/uploads\/2025\/10\/565667845_1249442443890123_8907740963304516033_n.jpg\" alt=\"\" class=\"wp-image-8966\" srcset=\"https:\/\/www.spak.art.pl\/wp-content\/uploads\/2025\/10\/565667845_1249442443890123_8907740963304516033_n.jpg 900w, https:\/\/www.spak.art.pl\/wp-content\/uploads\/2025\/10\/565667845_1249442443890123_8907740963304516033_n-300x217.jpg 300w, https:\/\/www.spak.art.pl\/wp-content\/uploads\/2025\/10\/565667845_1249442443890123_8907740963304516033_n-768x555.jpg 768w, https:\/\/www.spak.art.pl\/wp-content\/uploads\/2025\/10\/565667845_1249442443890123_8907740963304516033_n-554x400.jpg 554w\" sizes=\"auto, (max-width: 900px) 100vw, 900px\" \/><\/a><\/figure>\n\n\n\n<p>II miejsce: Waldemar Ruk\u015b\u0107 za prac\u0119 \u201eSegregacja\u201d<\/p>\n\n\n\n<figure class=\"wp-block-image size-full\"><a href=\"https:\/\/www.spak.art.pl\/wp-content\/uploads\/2025\/10\/564668450_1249442463890121_2153264919107446067_n.jpg\"><img loading=\"lazy\" decoding=\"async\" width=\"900\" height=\"636\" src=\"https:\/\/www.spak.art.pl\/wp-content\/uploads\/2025\/10\/564668450_1249442463890121_2153264919107446067_n.jpg\" alt=\"\" class=\"wp-image-8967\" srcset=\"https:\/\/www.spak.art.pl\/wp-content\/uploads\/2025\/10\/564668450_1249442463890121_2153264919107446067_n.jpg 900w, https:\/\/www.spak.art.pl\/wp-content\/uploads\/2025\/10\/564668450_1249442463890121_2153264919107446067_n-300x212.jpg 300w, https:\/\/www.spak.art.pl\/wp-content\/uploads\/2025\/10\/564668450_1249442463890121_2153264919107446067_n-768x543.jpg 768w, https:\/\/www.spak.art.pl\/wp-content\/uploads\/2025\/10\/564668450_1249442463890121_2153264919107446067_n-566x400.jpg 566w\" sizes=\"auto, (max-width: 900px) 100vw, 900px\" \/><\/a><\/figure>\n\n\n\n<p>III miejsce: Czes\u0142aw Prz\u0119zak za prac\u0119 \u201eOni ju\u017c tu byli \u2013 Kol\u0119dnicy\u201d<\/p>\n\n\n\n<figure class=\"wp-block-image size-full\"><a href=\"https:\/\/www.spak.art.pl\/wp-content\/uploads\/2025\/10\/565104155_1249444330556601_1981724755324396912_n.jpg\"><img loading=\"lazy\" decoding=\"async\" width=\"900\" height=\"570\" src=\"https:\/\/www.spak.art.pl\/wp-content\/uploads\/2025\/10\/565104155_1249444330556601_1981724755324396912_n.jpg\" alt=\"\" class=\"wp-image-8968\" srcset=\"https:\/\/www.spak.art.pl\/wp-content\/uploads\/2025\/10\/565104155_1249444330556601_1981724755324396912_n.jpg 900w, https:\/\/www.spak.art.pl\/wp-content\/uploads\/2025\/10\/565104155_1249444330556601_1981724755324396912_n-300x190.jpg 300w, https:\/\/www.spak.art.pl\/wp-content\/uploads\/2025\/10\/565104155_1249444330556601_1981724755324396912_n-768x486.jpg 768w, https:\/\/www.spak.art.pl\/wp-content\/uploads\/2025\/10\/565104155_1249444330556601_1981724755324396912_n-632x400.jpg 632w\" sizes=\"auto, (max-width: 900px) 100vw, 900px\" \/><\/a><\/figure>\n\n\n\n<figure class=\"wp-block-image size-full\"><a href=\"https:\/\/www.spak.art.pl\/wp-content\/uploads\/2025\/10\/563475521_1249444603889907_802460990534905186_n.jpg\"><img loading=\"lazy\" decoding=\"async\" width=\"900\" height=\"600\" src=\"https:\/\/www.spak.art.pl\/wp-content\/uploads\/2025\/10\/563475521_1249444603889907_802460990534905186_n.jpg\" alt=\"\" class=\"wp-image-8969\" srcset=\"https:\/\/www.spak.art.pl\/wp-content\/uploads\/2025\/10\/563475521_1249444603889907_802460990534905186_n.jpg 900w, https:\/\/www.spak.art.pl\/wp-content\/uploads\/2025\/10\/563475521_1249444603889907_802460990534905186_n-300x200.jpg 300w, https:\/\/www.spak.art.pl\/wp-content\/uploads\/2025\/10\/563475521_1249444603889907_802460990534905186_n-768x512.jpg 768w, https:\/\/www.spak.art.pl\/wp-content\/uploads\/2025\/10\/563475521_1249444603889907_802460990534905186_n-600x400.jpg 600w\" sizes=\"auto, (max-width: 900px) 100vw, 900px\" \/><\/a><\/figure>\n","protected":false},"excerpt":{"rendered":"<p>RZECZYWISTO\u015a\u0106 W KRZYWYM ZWIERCIADLE to temat rozstrzygni\u0119tego w\u0142a\u015bnie konkursu z cyklu &#8222;A propos Derwicha&#8221;, zorganizowanego przez Wojew\u00f3dzk\u0105 Bibliotek\u0119 Publiczn\u0105 w Poznaniu. Jury konkursu plastycznego \u201eRzeczywisto\u015b\u0107 w krzywym zwierciadle \u2013 \u00c0 propos Henryka Derwicha\u201d, po zapoznaniu si\u0119 z 220 pracami przes\u0142anymi przez 70 autor\u00f3w, wy\u0142oni\u0142o laureat\u00f3w satyrycznych zmaga\u0144. Z ogromn\u0105 przyjemno\u015bci\u0105 og\u0142aszamy zwyci\u0119zc\u00f3w: I miejsce: Daniel &hellip; <\/p>\n<p><a class=\"more-link btn\" href=\"https:\/\/www.spak.art.pl\/?p=8964\">Kontynuuj czytanie<\/a><\/p>\n","protected":false},"author":1,"featured_media":0,"comment_status":"closed","ping_status":"closed","sticky":false,"template":"","format":"standard","meta":{"ngg_post_thumbnail":0,"footnotes":""},"categories":[9],"tags":[],"class_list":["post-8964","post","type-post","status-publish","format-standard","hentry","category-aktualnosci","nodate","item-wrap"],"_links":{"self":[{"href":"https:\/\/www.spak.art.pl\/index.php?rest_route=\/wp\/v2\/posts\/8964","targetHints":{"allow":["GET"]}}],"collection":[{"href":"https:\/\/www.spak.art.pl\/index.php?rest_route=\/wp\/v2\/posts"}],"about":[{"href":"https:\/\/www.spak.art.pl\/index.php?rest_route=\/wp\/v2\/types\/post"}],"author":[{"embeddable":true,"href":"https:\/\/www.spak.art.pl\/index.php?rest_route=\/wp\/v2\/users\/1"}],"replies":[{"embeddable":true,"href":"https:\/\/www.spak.art.pl\/index.php?rest_route=%2Fwp%2Fv2%2Fcomments&post=8964"}],"version-history":[{"count":1,"href":"https:\/\/www.spak.art.pl\/index.php?rest_route=\/wp\/v2\/posts\/8964\/revisions"}],"predecessor-version":[{"id":8970,"href":"https:\/\/www.spak.art.pl\/index.php?rest_route=\/wp\/v2\/posts\/8964\/revisions\/8970"}],"wp:attachment":[{"href":"https:\/\/www.spak.art.pl\/index.php?rest_route=%2Fwp%2Fv2%2Fmedia&parent=8964"}],"wp:term":[{"taxonomy":"category","embeddable":true,"href":"https:\/\/www.spak.art.pl\/index.php?rest_route=%2Fwp%2Fv2%2Fcategories&post=8964"},{"taxonomy":"post_tag","embeddable":true,"href":"https:\/\/www.spak.art.pl\/index.php?rest_route=%2Fwp%2Fv2%2Ftags&post=8964"}],"curies":[{"name":"wp","href":"https:\/\/api.w.org\/{rel}","templated":true}]}}