{"id":8988,"date":"2025-11-14T09:44:43","date_gmt":"2025-11-14T09:44:43","guid":{"rendered":"https:\/\/www.spak.art.pl\/?p=8988"},"modified":"2025-11-14T09:44:44","modified_gmt":"2025-11-14T09:44:44","slug":"bal-w-kratki-i-kreski-czyli-niewiadomski-w-lublinie","status":"publish","type":"post","link":"https:\/\/www.spak.art.pl\/?p=8988","title":{"rendered":"Bal w kratki i kreski czyli Niewiadomski w Lublinie"},"content":{"rendered":"\n<p>Jutro, 15. Listopada 2025 br., o godz. 17.00, w fART Lublin, ul. Grodzka 14, 1. pi\u0119tro (wej\u015bcie od ulicy Ku Farze) odb\u0119dzie si\u0119 wernisa\u017c wystawy rysunk\u00f3w satyrycznych, komiks\u00f3w i karykatur Tomasza Niewiadomskiego. Ekspozycji b\u0119d\u0105 towarzyszy\u0107 prace Grzegorza Fujcika. Zapraszamy.<\/p>\n\n\n\n<figure class=\"wp-block-image size-full\"><a href=\"https:\/\/www.spak.art.pl\/wp-content\/uploads\/2025\/11\/581185635_122153554664635535_5512244951356028279_n.png\"><img loading=\"lazy\" decoding=\"async\" width=\"900\" height=\"511\" src=\"https:\/\/www.spak.art.pl\/wp-content\/uploads\/2025\/11\/581185635_122153554664635535_5512244951356028279_n.png\" alt=\"\" class=\"wp-image-8989\" srcset=\"https:\/\/www.spak.art.pl\/wp-content\/uploads\/2025\/11\/581185635_122153554664635535_5512244951356028279_n.png 900w, https:\/\/www.spak.art.pl\/wp-content\/uploads\/2025\/11\/581185635_122153554664635535_5512244951356028279_n-300x170.png 300w, https:\/\/www.spak.art.pl\/wp-content\/uploads\/2025\/11\/581185635_122153554664635535_5512244951356028279_n-768x436.png 768w, https:\/\/www.spak.art.pl\/wp-content\/uploads\/2025\/11\/581185635_122153554664635535_5512244951356028279_n-705x400.png 705w\" sizes=\"auto, (max-width: 900px) 100vw, 900px\" \/><\/a><\/figure>\n","protected":false},"excerpt":{"rendered":"<p>Jutro, 15. Listopada 2025 br., o godz. 17.00, w fART Lublin, ul. Grodzka 14, 1. pi\u0119tro (wej\u015bcie od ulicy Ku Farze) odb\u0119dzie si\u0119 wernisa\u017c wystawy rysunk\u00f3w satyrycznych, komiks\u00f3w i karykatur Tomasza Niewiadomskiego. Ekspozycji b\u0119d\u0105 towarzyszy\u0107 prace Grzegorza Fujcika. Zapraszamy.<\/p>\n","protected":false},"author":1,"featured_media":0,"comment_status":"closed","ping_status":"closed","sticky":false,"template":"","format":"standard","meta":{"ngg_post_thumbnail":0,"footnotes":""},"categories":[9],"tags":[],"class_list":["post-8988","post","type-post","status-publish","format-standard","hentry","category-aktualnosci","nodate","item-wrap"],"_links":{"self":[{"href":"https:\/\/www.spak.art.pl\/index.php?rest_route=\/wp\/v2\/posts\/8988","targetHints":{"allow":["GET"]}}],"collection":[{"href":"https:\/\/www.spak.art.pl\/index.php?rest_route=\/wp\/v2\/posts"}],"about":[{"href":"https:\/\/www.spak.art.pl\/index.php?rest_route=\/wp\/v2\/types\/post"}],"author":[{"embeddable":true,"href":"https:\/\/www.spak.art.pl\/index.php?rest_route=\/wp\/v2\/users\/1"}],"replies":[{"embeddable":true,"href":"https:\/\/www.spak.art.pl\/index.php?rest_route=%2Fwp%2Fv2%2Fcomments&post=8988"}],"version-history":[{"count":1,"href":"https:\/\/www.spak.art.pl\/index.php?rest_route=\/wp\/v2\/posts\/8988\/revisions"}],"predecessor-version":[{"id":8990,"href":"https:\/\/www.spak.art.pl\/index.php?rest_route=\/wp\/v2\/posts\/8988\/revisions\/8990"}],"wp:attachment":[{"href":"https:\/\/www.spak.art.pl\/index.php?rest_route=%2Fwp%2Fv2%2Fmedia&parent=8988"}],"wp:term":[{"taxonomy":"category","embeddable":true,"href":"https:\/\/www.spak.art.pl\/index.php?rest_route=%2Fwp%2Fv2%2Fcategories&post=8988"},{"taxonomy":"post_tag","embeddable":true,"href":"https:\/\/www.spak.art.pl\/index.php?rest_route=%2Fwp%2Fv2%2Ftags&post=8988"}],"curies":[{"name":"wp","href":"https:\/\/api.w.org\/{rel}","templated":true}]}}