{"id":8993,"date":"2025-11-15T14:15:41","date_gmt":"2025-11-15T14:15:41","guid":{"rendered":"https:\/\/www.spak.art.pl\/?p=8993"},"modified":"2025-11-15T14:15:41","modified_gmt":"2025-11-15T14:15:41","slug":"rzeczywistosc-w-krzywym-zwierciadle-a-propos-henryka-derwicha-wystawa-w-lesznie","status":"publish","type":"post","link":"https:\/\/www.spak.art.pl\/?p=8993","title":{"rendered":"Rzeczywisto\u015b\u0107\u00a0w krzywym zwierciadle \u2013 \u00c0 propos Henryka Derwicha &#8211; wystawa w Lesznie"},"content":{"rendered":"\n<p>4 listopada br. w Lesznie, w tamtejszej Miejskiej Bibliotece Publicznej, odby\u0142o si\u0119\u00a0otwarcie wystawy, pok\u0142osie konkursu satyrycznego \u201eRzeczywisto\u015b\u0107\u00a0w krzywym zwierciadle \u2013 \u00c0 propos Henryka Derwicha\u201d<\/p>\n\n\n\n<p>Odby\u0142o si\u0119 sympatyczne spotkanie w przepi\u0119knym gmachu Biblioteki Miejskiej po kt\u00f3rym go\u015bcie zostali oprowadzeni przez wicedyrektork\u0119\u00a0MBP p. R Olejnik. Relacjonuje Czes\u0142aw Prz\u0119zak, laureat III nagrody w konkursie:\u00a0<em>Wystaw\u0119\u00a0otworzy\u0142a p. H. Kaczmarek. Natomiast od p. Ma\u0142gorzaty Derwich otrzyma\u0142em pi\u0119kny autorski album z rysunkami Henryka Derwicha.\u00a0W spotkaniu udzia\u0142\u00a0wzi\u0119li, oczywi\u015bcie poza gospodyniami, panie z Poznania na czele z p. Ann\u0105\u00a0Smirnow, c\u00f3rka Henryka Derwicha, pani Ma\u0142gorzata Derwich, Daniel Krysta zdobywca I nagrody oraz inni go\u015bcie<\/em>.<\/p>\n\n\n\n<p>Odb\u0119dzie si\u0119 jeszcze wystawa w Pleszewie 28 listopada i w ko\u0144cu ta najwa\u017cniejsza w Poznaniu, 10 grudnia \u2013 na kt\u00f3rej b\u0119dzie mia\u0142o miejsce wr\u0119czenie nagr\u00f3d i wyr\u00f3\u017cnie\u0144.<\/p>\n\n\n\n<figure class=\"wp-block-image size-full\"><a href=\"https:\/\/www.spak.art.pl\/wp-content\/uploads\/2025\/11\/4-rotated.jpg\"><img loading=\"lazy\" decoding=\"async\" width=\"900\" height=\"506\" src=\"https:\/\/www.spak.art.pl\/wp-content\/uploads\/2025\/11\/4-rotated.jpg\" alt=\"\" class=\"wp-image-8994\" srcset=\"https:\/\/www.spak.art.pl\/wp-content\/uploads\/2025\/11\/4-rotated.jpg 900w, https:\/\/www.spak.art.pl\/wp-content\/uploads\/2025\/11\/4-300x169.jpg 300w, https:\/\/www.spak.art.pl\/wp-content\/uploads\/2025\/11\/4-768x432.jpg 768w, https:\/\/www.spak.art.pl\/wp-content\/uploads\/2025\/11\/4-711x400.jpg 711w\" sizes=\"auto, (max-width: 900px) 100vw, 900px\" \/><\/a><\/figure>\n\n\n\n<figure class=\"wp-block-image size-full\"><a href=\"https:\/\/www.spak.art.pl\/wp-content\/uploads\/2025\/11\/2-rotated.jpg\"><img loading=\"lazy\" decoding=\"async\" width=\"900\" height=\"506\" src=\"https:\/\/www.spak.art.pl\/wp-content\/uploads\/2025\/11\/2-rotated.jpg\" alt=\"\" class=\"wp-image-8995\" srcset=\"https:\/\/www.spak.art.pl\/wp-content\/uploads\/2025\/11\/2-rotated.jpg 900w, https:\/\/www.spak.art.pl\/wp-content\/uploads\/2025\/11\/2-300x169.jpg 300w, https:\/\/www.spak.art.pl\/wp-content\/uploads\/2025\/11\/2-768x432.jpg 768w, https:\/\/www.spak.art.pl\/wp-content\/uploads\/2025\/11\/2-711x400.jpg 711w\" sizes=\"auto, (max-width: 900px) 100vw, 900px\" \/><\/a><\/figure>\n\n\n\n<figure class=\"wp-block-image size-full\"><a href=\"https:\/\/www.spak.art.pl\/wp-content\/uploads\/2025\/11\/1.jpg\"><img loading=\"lazy\" decoding=\"async\" width=\"506\" height=\"900\" src=\"https:\/\/www.spak.art.pl\/wp-content\/uploads\/2025\/11\/1.jpg\" alt=\"\" class=\"wp-image-8996\" srcset=\"https:\/\/www.spak.art.pl\/wp-content\/uploads\/2025\/11\/1.jpg 506w, https:\/\/www.spak.art.pl\/wp-content\/uploads\/2025\/11\/1-169x300.jpg 169w, https:\/\/www.spak.art.pl\/wp-content\/uploads\/2025\/11\/1-225x400.jpg 225w\" sizes=\"auto, (max-width: 506px) 100vw, 506px\" \/><\/a><\/figure>\n","protected":false},"excerpt":{"rendered":"<p>4 listopada br. w Lesznie, w tamtejszej Miejskiej Bibliotece Publicznej, odby\u0142o si\u0119\u00a0otwarcie wystawy, pok\u0142osie konkursu satyrycznego \u201eRzeczywisto\u015b\u0107\u00a0w krzywym zwierciadle \u2013 \u00c0 propos Henryka Derwicha\u201d Odby\u0142o si\u0119 sympatyczne spotkanie w przepi\u0119knym gmachu Biblioteki Miejskiej po kt\u00f3rym go\u015bcie zostali oprowadzeni przez wicedyrektork\u0119\u00a0MBP p. R Olejnik. Relacjonuje Czes\u0142aw Prz\u0119zak, laureat III nagrody w konkursie:\u00a0Wystaw\u0119\u00a0otworzy\u0142a p. H. Kaczmarek. Natomiast &hellip; <\/p>\n<p><a class=\"more-link btn\" href=\"https:\/\/www.spak.art.pl\/?p=8993\">Kontynuuj czytanie<\/a><\/p>\n","protected":false},"author":1,"featured_media":0,"comment_status":"closed","ping_status":"closed","sticky":false,"template":"","format":"standard","meta":{"ngg_post_thumbnail":0,"footnotes":""},"categories":[9],"tags":[],"class_list":["post-8993","post","type-post","status-publish","format-standard","hentry","category-aktualnosci","nodate","item-wrap"],"_links":{"self":[{"href":"https:\/\/www.spak.art.pl\/index.php?rest_route=\/wp\/v2\/posts\/8993","targetHints":{"allow":["GET"]}}],"collection":[{"href":"https:\/\/www.spak.art.pl\/index.php?rest_route=\/wp\/v2\/posts"}],"about":[{"href":"https:\/\/www.spak.art.pl\/index.php?rest_route=\/wp\/v2\/types\/post"}],"author":[{"embeddable":true,"href":"https:\/\/www.spak.art.pl\/index.php?rest_route=\/wp\/v2\/users\/1"}],"replies":[{"embeddable":true,"href":"https:\/\/www.spak.art.pl\/index.php?rest_route=%2Fwp%2Fv2%2Fcomments&post=8993"}],"version-history":[{"count":1,"href":"https:\/\/www.spak.art.pl\/index.php?rest_route=\/wp\/v2\/posts\/8993\/revisions"}],"predecessor-version":[{"id":8997,"href":"https:\/\/www.spak.art.pl\/index.php?rest_route=\/wp\/v2\/posts\/8993\/revisions\/8997"}],"wp:attachment":[{"href":"https:\/\/www.spak.art.pl\/index.php?rest_route=%2Fwp%2Fv2%2Fmedia&parent=8993"}],"wp:term":[{"taxonomy":"category","embeddable":true,"href":"https:\/\/www.spak.art.pl\/index.php?rest_route=%2Fwp%2Fv2%2Fcategories&post=8993"},{"taxonomy":"post_tag","embeddable":true,"href":"https:\/\/www.spak.art.pl\/index.php?rest_route=%2Fwp%2Fv2%2Ftags&post=8993"}],"curies":[{"name":"wp","href":"https:\/\/api.w.org\/{rel}","templated":true}]}}