{"id":9036,"date":"2025-12-01T11:53:57","date_gmt":"2025-12-01T11:53:57","guid":{"rendered":"https:\/\/www.spak.art.pl\/?p=9036"},"modified":"2025-12-01T11:53:57","modified_gmt":"2025-12-01T11:53:57","slug":"dwie-wystawy-pokonkursowe-konkurs-im-a-wolosa","status":"publish","type":"post","link":"https:\/\/www.spak.art.pl\/?p=9036","title":{"rendered":"Dwie wystawy pokonkursowe  &#8211; konkurs im. A. Wo\u0142osa"},"content":{"rendered":"\n<p>Przed nami dwie ostatnie wystawy pokonkursowe&nbsp;<strong><em>VII Og\u00f3lnopolskiego Konkursu na Rysunek Prasowy im. Aleksandra Wo\u0142osa 2025.<\/em><\/strong><\/p>\n\n\n\n<p>Pierwsza startuje ju\u017c&nbsp;<strong>5 grudnia<\/strong>&nbsp;o godz. 18 w&nbsp;Gminnym Centrum Kultury, Sportu i Rekreacji&nbsp;<strong>w Wolinie.&nbsp;<\/strong>Kurator wystawy &#8211; Daniel Strzelczyk.<\/p>\n\n\n\n<p>Druga&nbsp;zaprezentowana zostanie w okresie&nbsp;<strong>22 grudnia 2025 \u2013 19 stycznia 2026<\/strong>&nbsp;w przestrzeni galeryjnej Bielskiego Centrum Kultury im. Marii Koterbskiej&nbsp;<strong>w Bielsku-Bia\u0142ej.<\/strong>&nbsp;Kurator wystawy Lech Kotwicz zaprasza na uroczysty finisa\u017c&nbsp;19 stycznia 2026. Na tej wystawie prezentujemy laureat\u00f3w konkursu z lat 2023-2025.<\/p>\n\n\n\n<p>Tymi wydarzeniami zamykamy rok wystawowy 2025 jedenastoma (11) wystawami.<\/p>\n\n\n\n<figure class=\"wp-block-image size-full\"><a href=\"https:\/\/www.spak.art.pl\/wp-content\/uploads\/2025\/12\/wolin-2025.jpg\"><img loading=\"lazy\" decoding=\"async\" width=\"700\" height=\"876\" src=\"https:\/\/www.spak.art.pl\/wp-content\/uploads\/2025\/12\/wolin-2025.jpg\" alt=\"\" class=\"wp-image-9037\" srcset=\"https:\/\/www.spak.art.pl\/wp-content\/uploads\/2025\/12\/wolin-2025.jpg 700w, https:\/\/www.spak.art.pl\/wp-content\/uploads\/2025\/12\/wolin-2025-240x300.jpg 240w, https:\/\/www.spak.art.pl\/wp-content\/uploads\/2025\/12\/wolin-2025-320x400.jpg 320w\" sizes=\"auto, (max-width: 700px) 100vw, 700px\" \/><\/a><\/figure>\n","protected":false},"excerpt":{"rendered":"<p>Przed nami dwie ostatnie wystawy pokonkursowe&nbsp;VII Og\u00f3lnopolskiego Konkursu na Rysunek Prasowy im. Aleksandra Wo\u0142osa 2025. Pierwsza startuje ju\u017c&nbsp;5 grudnia&nbsp;o godz. 18 w&nbsp;Gminnym Centrum Kultury, Sportu i Rekreacji&nbsp;w Wolinie.&nbsp;Kurator wystawy &#8211; Daniel Strzelczyk. Druga&nbsp;zaprezentowana zostanie w okresie&nbsp;22 grudnia 2025 \u2013 19 stycznia 2026&nbsp;w przestrzeni galeryjnej Bielskiego Centrum Kultury im. Marii Koterbskiej&nbsp;w Bielsku-Bia\u0142ej.&nbsp;Kurator wystawy Lech Kotwicz zaprasza &hellip; <\/p>\n<p><a class=\"more-link btn\" href=\"https:\/\/www.spak.art.pl\/?p=9036\">Kontynuuj czytanie<\/a><\/p>\n","protected":false},"author":1,"featured_media":0,"comment_status":"closed","ping_status":"closed","sticky":false,"template":"","format":"standard","meta":{"ngg_post_thumbnail":0,"footnotes":""},"categories":[9],"tags":[],"class_list":["post-9036","post","type-post","status-publish","format-standard","hentry","category-aktualnosci","nodate","item-wrap"],"_links":{"self":[{"href":"https:\/\/www.spak.art.pl\/index.php?rest_route=\/wp\/v2\/posts\/9036","targetHints":{"allow":["GET"]}}],"collection":[{"href":"https:\/\/www.spak.art.pl\/index.php?rest_route=\/wp\/v2\/posts"}],"about":[{"href":"https:\/\/www.spak.art.pl\/index.php?rest_route=\/wp\/v2\/types\/post"}],"author":[{"embeddable":true,"href":"https:\/\/www.spak.art.pl\/index.php?rest_route=\/wp\/v2\/users\/1"}],"replies":[{"embeddable":true,"href":"https:\/\/www.spak.art.pl\/index.php?rest_route=%2Fwp%2Fv2%2Fcomments&post=9036"}],"version-history":[{"count":1,"href":"https:\/\/www.spak.art.pl\/index.php?rest_route=\/wp\/v2\/posts\/9036\/revisions"}],"predecessor-version":[{"id":9038,"href":"https:\/\/www.spak.art.pl\/index.php?rest_route=\/wp\/v2\/posts\/9036\/revisions\/9038"}],"wp:attachment":[{"href":"https:\/\/www.spak.art.pl\/index.php?rest_route=%2Fwp%2Fv2%2Fmedia&parent=9036"}],"wp:term":[{"taxonomy":"category","embeddable":true,"href":"https:\/\/www.spak.art.pl\/index.php?rest_route=%2Fwp%2Fv2%2Fcategories&post=9036"},{"taxonomy":"post_tag","embeddable":true,"href":"https:\/\/www.spak.art.pl\/index.php?rest_route=%2Fwp%2Fv2%2Ftags&post=9036"}],"curies":[{"name":"wp","href":"https:\/\/api.w.org\/{rel}","templated":true}]}}