{"id":9041,"date":"2025-12-09T15:45:04","date_gmt":"2025-12-09T15:45:04","guid":{"rendered":"https:\/\/www.spak.art.pl\/?p=9041"},"modified":"2025-12-09T15:48:35","modified_gmt":"2025-12-09T15:48:35","slug":"plan-dzialan-spak-na-lata-2026-2028","status":"publish","type":"post","link":"https:\/\/www.spak.art.pl\/?p=9041","title":{"rendered":"Plan dzia\u0142a\u0144 SPAK na lata 2026 &#8211; 2028"},"content":{"rendered":"\n<div class=\"wp-block-columns is-layout-flex wp-container-core-columns-is-layout-9d6595d7 wp-block-columns-is-layout-flex\">\n<div class=\"wp-block-column is-layout-flow wp-block-column-is-layout-flow\" style=\"flex-basis:100%\">\n<figure class=\"wp-block-image size-full\"><a href=\"https:\/\/www.spak.art.pl\/wp-content\/uploads\/2025\/12\/Logo-SPAK-bez-napisu-male.jpg\"><img loading=\"lazy\" decoding=\"async\" width=\"200\" height=\"318\" src=\"https:\/\/www.spak.art.pl\/wp-content\/uploads\/2025\/12\/Logo-SPAK-bez-napisu-male.jpg\" alt=\"\" class=\"wp-image-9042\" srcset=\"https:\/\/www.spak.art.pl\/wp-content\/uploads\/2025\/12\/Logo-SPAK-bez-napisu-male.jpg 200w, https:\/\/www.spak.art.pl\/wp-content\/uploads\/2025\/12\/Logo-SPAK-bez-napisu-male-189x300.jpg 189w\" sizes=\"auto, (max-width: 200px) 100vw, 200px\" \/><\/a><\/figure>\n<\/div>\n<\/div>\n\n\n\n<p>Kole\u017canki i Koledzy<\/p>\n\n\n\n<p>Jeste\u015bmy po wyborach nowych w\u0142adz SPAK. Dzi\u0119kujemy kolegom za zaufanie i powierzenie nam dalszych los\u00f3w naszego stowarzyszenia. Chc\u0105c dalej dzia\u0142a\u0107 na rzecz popularyzacji polskiego rysunku satyrycznego i karykatury przygotowali\u015bmy plan dzia\u0142a\u0144 jakie zamierzamy zrealizowa\u0107. Liczymy, \u017ce b\u0119d\u0105c aktywnymi cz\u0142onkami SPAK wesprzecie te dzia\u0142ania. Przy okazji planowanych wystaw b\u0119dziecie mieli okazj\u0119 pokaza\u0107 r\u00f3wnie\u017c swoj\u0105 tw\u00f3rczo\u015b\u0107.<\/p>\n\n\n\n<p><strong>Planowane wystawy w 2026 roku:<\/strong><\/p>\n\n\n\n<p>&#8211; \u201ePiosenka jest dobra na wszystko\u201d \u2013 wystawa\/konkurs w Opolu w trakcie trwania festiwalu piosenki (maj\/czerwiec)<\/p>\n\n\n\n<p>&#8211; \u201eTo jest \u015bmieszne\u201d- polska karykatura i humor\u201d \u2013 planujemy, aby ta wystawa by\u0142a pokazywana w o\u015brodkach kultury w Polsce, w St. Just le Martel (Francja), jak r\u00f3wnie\u017c we wsp\u00f3\u0142pracy z ambasad\u0105 Iranu.<\/p>\n\n\n\n<p><strong>Planowane wystawy w 2027 roku:<\/strong><\/p>\n\n\n\n<p>&#8211; \u201e40- lat w SPAK\u201d<\/p>\n\n\n\n<p><strong>Planowane wystawy w 2028 roku:<\/strong><\/p>\n\n\n\n<p>&#8211; \u201e\u0141ucznictwo na weso\u0142o\u201d (we wsp\u00f3\u0142pracy z Polskim Stowarzyszeniem \u0141ucznictwa Tradycyjnego, a mo\u017ce te\u017c z Polskim Zwi\u0105zkiem \u0141uczniczym oraz zamkiem w Golubiu-Dobrzyniu).<\/p>\n\n\n\n<p>&#8211; \u201eSztuka kochania\u201d (wystawa erotyczna).<\/p>\n\n\n\n<p><strong>Planowane inne dzia\u0142ania maj\u0105ce na celu rozpropagowanie polskiego humoru i karykatury:<\/strong><\/p>\n\n\n\n<p>&#8211; Aktywna wsp\u00f3\u0142praca z Muzeum Karykatury.<\/p>\n\n\n\n<p>&#8211; Przyznawanie Eryk\u00f3w jako g\u0142\u00f3wnej nagrody za dzia\u0142ania na rzecz popularyzacji polskiej karykatury, satyry i humoru.<\/p>\n\n\n\n<p>&#8211; Og\u0142oszenie i promowanie 7 kwietnia jako Mi\u0119dzynarodowego Dnia Karykatury i Humoru.<\/p>\n\n\n\n<p>&#8211; Honorowanie cz\u0142onk\u00f3w SPAK, kt\u00f3rzy b\u0119d\u0105 obchodzi\u0107 czterdziestolecie lub pi\u0119\u0107dziesi\u0119ciolecie pracy tw\u00f3rczej.<\/p>\n\n\n\n<p>&#8211; Nagroda SPAK na \u201eSatyrykonie\u201d<\/p>\n\n\n\n<p>&#8211; Nagroda SPAK na \u201eKarpiku\u201d<\/p>\n\n\n\n<p>&#8211; Nagroda SPAK na \u201eOg\u00f3lnopolskim&nbsp;Konkursie&nbsp;na Rysunek Prasowy im. Aleksandra Wo\u0142osa\u201d<\/p>\n\n\n\n<p>&#8211; Wsparcie wystaw indywidualnych cz\u0142onk\u00f3w SPAK.<\/p>\n\n\n\n<p>&#8211; Aktywizacja, wsp\u00f3\u0142praca i wsparcie dla lokalnych dzia\u0142a\u0144 cz\u0142onk\u00f3w naszego stowarzyszenia.<\/p>\n\n\n\n<p><\/p>\n\n\n\n<p class=\"has-text-align-left\">W imieniu Zarz\u0105du SPAK<\/p>\n\n\n\n<p class=\"has-text-align-left\">Andrzej Graniak<\/p>\n\n\n\n<p class=\"has-text-align-left\">Prezes SPAK<\/p>\n\n\n\n<p><\/p>\n","protected":false},"excerpt":{"rendered":"<p>Kole\u017canki i Koledzy Jeste\u015bmy po wyborach nowych w\u0142adz SPAK. Dzi\u0119kujemy kolegom za zaufanie i powierzenie nam dalszych los\u00f3w naszego stowarzyszenia. Chc\u0105c dalej dzia\u0142a\u0107 na rzecz popularyzacji polskiego rysunku satyrycznego i karykatury przygotowali\u015bmy plan dzia\u0142a\u0144 jakie zamierzamy zrealizowa\u0107. Liczymy, \u017ce b\u0119d\u0105c aktywnymi cz\u0142onkami SPAK wesprzecie te dzia\u0142ania. Przy okazji planowanych wystaw b\u0119dziecie mieli okazj\u0119 pokaza\u0107 r\u00f3wnie\u017c &hellip; <\/p>\n<p><a class=\"more-link btn\" href=\"https:\/\/www.spak.art.pl\/?p=9041\">Kontynuuj czytanie<\/a><\/p>\n","protected":false},"author":1,"featured_media":0,"comment_status":"closed","ping_status":"closed","sticky":false,"template":"","format":"standard","meta":{"ngg_post_thumbnail":0,"footnotes":""},"categories":[9],"tags":[],"class_list":["post-9041","post","type-post","status-publish","format-standard","hentry","category-aktualnosci","nodate","item-wrap"],"_links":{"self":[{"href":"https:\/\/www.spak.art.pl\/index.php?rest_route=\/wp\/v2\/posts\/9041","targetHints":{"allow":["GET"]}}],"collection":[{"href":"https:\/\/www.spak.art.pl\/index.php?rest_route=\/wp\/v2\/posts"}],"about":[{"href":"https:\/\/www.spak.art.pl\/index.php?rest_route=\/wp\/v2\/types\/post"}],"author":[{"embeddable":true,"href":"https:\/\/www.spak.art.pl\/index.php?rest_route=\/wp\/v2\/users\/1"}],"replies":[{"embeddable":true,"href":"https:\/\/www.spak.art.pl\/index.php?rest_route=%2Fwp%2Fv2%2Fcomments&post=9041"}],"version-history":[{"count":4,"href":"https:\/\/www.spak.art.pl\/index.php?rest_route=\/wp\/v2\/posts\/9041\/revisions"}],"predecessor-version":[{"id":9049,"href":"https:\/\/www.spak.art.pl\/index.php?rest_route=\/wp\/v2\/posts\/9041\/revisions\/9049"}],"wp:attachment":[{"href":"https:\/\/www.spak.art.pl\/index.php?rest_route=%2Fwp%2Fv2%2Fmedia&parent=9041"}],"wp:term":[{"taxonomy":"category","embeddable":true,"href":"https:\/\/www.spak.art.pl\/index.php?rest_route=%2Fwp%2Fv2%2Fcategories&post=9041"},{"taxonomy":"post_tag","embeddable":true,"href":"https:\/\/www.spak.art.pl\/index.php?rest_route=%2Fwp%2Fv2%2Ftags&post=9041"}],"curies":[{"name":"wp","href":"https:\/\/api.w.org\/{rel}","templated":true}]}}