{"id":9067,"date":"2026-01-14T11:31:48","date_gmt":"2026-01-14T11:31:48","guid":{"rendered":"https:\/\/www.spak.art.pl\/?p=9067"},"modified":"2026-01-19T08:59:36","modified_gmt":"2026-01-19T08:59:36","slug":"demon-kracja-wg-cebuli-wernisaz","status":"publish","type":"post","link":"https:\/\/www.spak.art.pl\/?p=9067","title":{"rendered":"&#8222;DEMON-KRACJA&#8221; wg Cebuli &#8211; wernisa\u017c"},"content":{"rendered":"\n<p>23 stycznia, po godz. 19.06, w Pub Galerii \u201eStara Apteka\u201d, w Przeworsku (Rynek 6) odb\u0119dzie si\u0119 wernisa\u017c wystawy rysunk\u00f3w satyrycznych Henryka Cebuli pt. &#8222;DEMON-KRACJA&#8221;.<\/p>\n\n\n\n<p>Ekspozycja b\u0119dzie128. wystaw\u0105 indywidualn\u0105 rysunku&nbsp; satyrycznego: &#8222;DEMON-KRACJA&#8221;. Przy okazji autor zrobi\u0142 podsumowanie roku 2025: Henryk Cebula zdoby\u0142 w ubieg\u0142ym roku 9 nagr\u00f3d w kraju i na \u015bwiecie, mia\u0142 2 wystawy indywidualne, wzi\u0105\u0142 udzia\u0142 w 80 konkursach i wystawach pokonkursowych w kraju i za granic\u0105 i 4 plenerach og\u00f3lnopolskich, wykona\u0142 ilustracje do 3 tomik\u00f3w poetyckich, publikowa\u0142 w czasopismach polskich i zagranicznych.<\/p>\n\n\n\n<figure class=\"wp-block-image size-full\"><a href=\"https:\/\/www.spak.art.pl\/wp-content\/uploads\/2026\/01\/Scan2026-01-14_105124.jpg\"><img loading=\"lazy\" decoding=\"async\" width=\"705\" height=\"1000\" src=\"https:\/\/www.spak.art.pl\/wp-content\/uploads\/2026\/01\/Scan2026-01-14_105124.jpg\" alt=\"\" class=\"wp-image-9068\" srcset=\"https:\/\/www.spak.art.pl\/wp-content\/uploads\/2026\/01\/Scan2026-01-14_105124.jpg 705w, https:\/\/www.spak.art.pl\/wp-content\/uploads\/2026\/01\/Scan2026-01-14_105124-212x300.jpg 212w, https:\/\/www.spak.art.pl\/wp-content\/uploads\/2026\/01\/Scan2026-01-14_105124-282x400.jpg 282w\" sizes=\"auto, (max-width: 705px) 100vw, 705px\" \/><\/a><\/figure>\n","protected":false},"excerpt":{"rendered":"<p>23 stycznia, po godz. 19.06, w Pub Galerii \u201eStara Apteka\u201d, w Przeworsku (Rynek 6) odb\u0119dzie si\u0119 wernisa\u017c wystawy rysunk\u00f3w satyrycznych Henryka Cebuli pt. &#8222;DEMON-KRACJA&#8221;. Ekspozycja b\u0119dzie128. wystaw\u0105 indywidualn\u0105 rysunku&nbsp; satyrycznego: &#8222;DEMON-KRACJA&#8221;. Przy okazji autor zrobi\u0142 podsumowanie roku 2025: Henryk Cebula zdoby\u0142 w ubieg\u0142ym roku 9 nagr\u00f3d w kraju i na \u015bwiecie, mia\u0142 2 wystawy indywidualne, &hellip; <\/p>\n<p><a class=\"more-link btn\" href=\"https:\/\/www.spak.art.pl\/?p=9067\">Kontynuuj czytanie<\/a><\/p>\n","protected":false},"author":1,"featured_media":0,"comment_status":"closed","ping_status":"closed","sticky":false,"template":"","format":"standard","meta":{"ngg_post_thumbnail":0,"footnotes":""},"categories":[9],"tags":[],"class_list":["post-9067","post","type-post","status-publish","format-standard","hentry","category-aktualnosci","nodate","item-wrap"],"_links":{"self":[{"href":"https:\/\/www.spak.art.pl\/index.php?rest_route=\/wp\/v2\/posts\/9067","targetHints":{"allow":["GET"]}}],"collection":[{"href":"https:\/\/www.spak.art.pl\/index.php?rest_route=\/wp\/v2\/posts"}],"about":[{"href":"https:\/\/www.spak.art.pl\/index.php?rest_route=\/wp\/v2\/types\/post"}],"author":[{"embeddable":true,"href":"https:\/\/www.spak.art.pl\/index.php?rest_route=\/wp\/v2\/users\/1"}],"replies":[{"embeddable":true,"href":"https:\/\/www.spak.art.pl\/index.php?rest_route=%2Fwp%2Fv2%2Fcomments&post=9067"}],"version-history":[{"count":3,"href":"https:\/\/www.spak.art.pl\/index.php?rest_route=\/wp\/v2\/posts\/9067\/revisions"}],"predecessor-version":[{"id":9072,"href":"https:\/\/www.spak.art.pl\/index.php?rest_route=\/wp\/v2\/posts\/9067\/revisions\/9072"}],"wp:attachment":[{"href":"https:\/\/www.spak.art.pl\/index.php?rest_route=%2Fwp%2Fv2%2Fmedia&parent=9067"}],"wp:term":[{"taxonomy":"category","embeddable":true,"href":"https:\/\/www.spak.art.pl\/index.php?rest_route=%2Fwp%2Fv2%2Fcategories&post=9067"},{"taxonomy":"post_tag","embeddable":true,"href":"https:\/\/www.spak.art.pl\/index.php?rest_route=%2Fwp%2Fv2%2Ftags&post=9067"}],"curies":[{"name":"wp","href":"https:\/\/api.w.org\/{rel}","templated":true}]}}