{"id":9103,"date":"2026-02-04T18:35:02","date_gmt":"2026-02-04T18:35:02","guid":{"rendered":"https:\/\/www.spak.art.pl\/?p=9103"},"modified":"2026-02-04T18:35:03","modified_gmt":"2026-02-04T18:35:03","slug":"nowa-galeria-satyry-w-jaroslawiu","status":"publish","type":"post","link":"https:\/\/www.spak.art.pl\/?p=9103","title":{"rendered":"Nowa galeria satyry w Jaros\u0142awiu"},"content":{"rendered":"\n<p>W sobotni wiecz\u00f3r, 31 stycznia 2026 roku, w Jaros\u0142awiu, odby\u0142o si\u0119 uroczyste otwarcie Galleria Della Satira u Attavantich, po\u0142\u0105czone z wernisa\u017cem wystawy <a href=\"https:\/\/www.facebook.com\/dariusz.dabrowski.14?__cft__%5b0%5d=AZaeDONtrvdCNZsgQZ5xMgo-vRABnJGQGNUT50qiuqbPG5lFVDtUQMCwu_dnkqxL448W-fZU-H0TfkMghkhRyjaNqeRyXOUavj_5xkPWmo52XLEm4D0XcxjoU8rV9CpoJLoOKD6mf8LfFyoLId8fnnhqNiW-Vy3laQmLsOcAgqQD3DtjfywkAcSJurGXk_W6QeuibHCZ8CDGy1To3NSs6jfntZBbqRb2GpOfXMWgy3_x2g&amp;__tn__=-%5dK-y-R\">Dariusza D\u0105browski<\/a>ego Wydarzenie zainaugurowa\u0142o now\u0105 przestrze\u0144 po\u015bwi\u0119con\u0105 sztuce satyrycznej \u2014 inteligentnej, bezkompromisowej i celnie komentuj\u0105cej rzeczywisto\u015b\u0107.<\/p>\n\n\n\n<p>Podczas spotkania przypomniano tradycje jaros\u0142awskiej satyry, podkre\u015blaj\u0105c, \u017ce nowa galeria jest ich \u015bwiadom\u0105 kontynuacj\u0105. Przez wiele lat dzia\u0142a\u0142a w Jaros\u0142awiu Galeria Satyry \u201ePirania\u201d, kt\u00f3rej tw\u00f3rc\u0105 i animatorem by\u0142 rysownik i karykaturzysta Henryk Cebula (wsp\u00f3\u0142pracowa\u0142 z nim Marek Gliwa, r\u00f3wnie\u017c rysownik i karykaturzysta). Przez wiele lat dzia\u0142ania \u201ePiranii\u201d przez Jaros\u0142aw przewin\u0119\u0142o kilkudziesi\u0119ciu rysownik\u00f3w satyrycznych i karykaturzyst\u00f3w ze SPAK i niezrzeszonych.<\/p>\n\n\n\n<p>&nbsp;Symboliczny charakter mia\u0142a pierwsza wystawa \u2014 po ponad trzydziestu latach do rodzinnego miasta powr\u00f3ci\u0142 z indywidualn\u0105 prezentacj\u0105 Dariusz D\u0105browski, artysta od lat udowadniaj\u0105cy, \u017ce rysunek satyryczny jest pe\u0142noprawn\u0105 form\u0105 sztuki.<\/p>\n\n\n\n<p>Kulminacyjnym momentem wydarzenia by\u0142o symboliczne \u201eprzeci\u0119cie\u201d ta\u015bm ostrzegawczych oraz wr\u0119czenie arty\u015bcie pami\u0105tkowej ryby-pi\u0142y \u2014 znaku rozpoznawczego galerii, w kt\u00f3rej satyra naprawd\u0119 ma z\u0119by.<\/p>\n\n\n\n<p>Wiecz\u00f3r wzbogaci\u0142a cz\u0119\u015b\u0107 artystyczna prowadzona przez Krzysztofa Kubaszka a kr\u00f3tk\u0105, literack\u0105 form\u0119 satyry zaprezentowa\u0142 Zbigniew Polit, odczytuj\u0105c swoje fraszki.<\/p>\n\n\n\n<p>Mamy nadziej\u0119, \u017ce nowo otwarta Galleria Della Satira u Attavantich b\u0119dzie godnym kontynuatorem dorobku Galerii Satyry \u201ePirania\u201d, jej poprzedniczki.<\/p>\n\n\n\n<p>Poni\u017cej publikujemy kilka zdj\u0119\u0107 z imprezy.<\/p>\n\n\n\n<figure class=\"wp-block-image size-full\"><a href=\"https:\/\/www.spak.art.pl\/wp-content\/uploads\/2026\/02\/617445316_1773070667289625_5404720852195054022_n.jpg\"><img loading=\"lazy\" decoding=\"async\" width=\"1000\" height=\"750\" src=\"https:\/\/www.spak.art.pl\/wp-content\/uploads\/2026\/02\/617445316_1773070667289625_5404720852195054022_n.jpg\" alt=\"\" class=\"wp-image-9104\" srcset=\"https:\/\/www.spak.art.pl\/wp-content\/uploads\/2026\/02\/617445316_1773070667289625_5404720852195054022_n.jpg 1000w, https:\/\/www.spak.art.pl\/wp-content\/uploads\/2026\/02\/617445316_1773070667289625_5404720852195054022_n-300x225.jpg 300w, https:\/\/www.spak.art.pl\/wp-content\/uploads\/2026\/02\/617445316_1773070667289625_5404720852195054022_n-768x576.jpg 768w, https:\/\/www.spak.art.pl\/wp-content\/uploads\/2026\/02\/617445316_1773070667289625_5404720852195054022_n-533x400.jpg 533w, https:\/\/www.spak.art.pl\/wp-content\/uploads\/2026\/02\/617445316_1773070667289625_5404720852195054022_n-970x728.jpg 970w\" sizes=\"auto, (max-width: 1000px) 100vw, 1000px\" \/><\/a><\/figure>\n\n\n\n<figure class=\"wp-block-image size-full\"><a href=\"https:\/\/www.spak.art.pl\/wp-content\/uploads\/2026\/02\/618087252_1773070287289663_4925119314575048845_n.jpg\"><img loading=\"lazy\" decoding=\"async\" width=\"1000\" height=\"750\" src=\"https:\/\/www.spak.art.pl\/wp-content\/uploads\/2026\/02\/618087252_1773070287289663_4925119314575048845_n.jpg\" alt=\"\" class=\"wp-image-9105\" srcset=\"https:\/\/www.spak.art.pl\/wp-content\/uploads\/2026\/02\/618087252_1773070287289663_4925119314575048845_n.jpg 1000w, https:\/\/www.spak.art.pl\/wp-content\/uploads\/2026\/02\/618087252_1773070287289663_4925119314575048845_n-300x225.jpg 300w, https:\/\/www.spak.art.pl\/wp-content\/uploads\/2026\/02\/618087252_1773070287289663_4925119314575048845_n-768x576.jpg 768w, https:\/\/www.spak.art.pl\/wp-content\/uploads\/2026\/02\/618087252_1773070287289663_4925119314575048845_n-533x400.jpg 533w, https:\/\/www.spak.art.pl\/wp-content\/uploads\/2026\/02\/618087252_1773070287289663_4925119314575048845_n-970x728.jpg 970w\" sizes=\"auto, (max-width: 1000px) 100vw, 1000px\" \/><\/a><\/figure>\n\n\n\n<figure class=\"wp-block-image size-full\"><a href=\"https:\/\/www.spak.art.pl\/wp-content\/uploads\/2026\/02\/619295391_1773070480622977_404144712179074233_n.jpg\"><img loading=\"lazy\" decoding=\"async\" width=\"1000\" height=\"750\" src=\"https:\/\/www.spak.art.pl\/wp-content\/uploads\/2026\/02\/619295391_1773070480622977_404144712179074233_n.jpg\" alt=\"\" class=\"wp-image-9106\" srcset=\"https:\/\/www.spak.art.pl\/wp-content\/uploads\/2026\/02\/619295391_1773070480622977_404144712179074233_n.jpg 1000w, https:\/\/www.spak.art.pl\/wp-content\/uploads\/2026\/02\/619295391_1773070480622977_404144712179074233_n-300x225.jpg 300w, https:\/\/www.spak.art.pl\/wp-content\/uploads\/2026\/02\/619295391_1773070480622977_404144712179074233_n-768x576.jpg 768w, https:\/\/www.spak.art.pl\/wp-content\/uploads\/2026\/02\/619295391_1773070480622977_404144712179074233_n-533x400.jpg 533w, https:\/\/www.spak.art.pl\/wp-content\/uploads\/2026\/02\/619295391_1773070480622977_404144712179074233_n-970x728.jpg 970w\" sizes=\"auto, (max-width: 1000px) 100vw, 1000px\" \/><\/a><\/figure>\n\n\n\n<figure class=\"wp-block-image size-full\"><a href=\"https:\/\/www.spak.art.pl\/wp-content\/uploads\/2026\/02\/619333223_1773069363956422_4416615763603526549_n.jpg\"><img loading=\"lazy\" decoding=\"async\" width=\"1000\" height=\"750\" src=\"https:\/\/www.spak.art.pl\/wp-content\/uploads\/2026\/02\/619333223_1773069363956422_4416615763603526549_n.jpg\" alt=\"\" class=\"wp-image-9107\" srcset=\"https:\/\/www.spak.art.pl\/wp-content\/uploads\/2026\/02\/619333223_1773069363956422_4416615763603526549_n.jpg 1000w, https:\/\/www.spak.art.pl\/wp-content\/uploads\/2026\/02\/619333223_1773069363956422_4416615763603526549_n-300x225.jpg 300w, https:\/\/www.spak.art.pl\/wp-content\/uploads\/2026\/02\/619333223_1773069363956422_4416615763603526549_n-768x576.jpg 768w, https:\/\/www.spak.art.pl\/wp-content\/uploads\/2026\/02\/619333223_1773069363956422_4416615763603526549_n-533x400.jpg 533w, https:\/\/www.spak.art.pl\/wp-content\/uploads\/2026\/02\/619333223_1773069363956422_4416615763603526549_n-970x728.jpg 970w\" sizes=\"auto, (max-width: 1000px) 100vw, 1000px\" \/><\/a><\/figure>\n\n\n\n<figure class=\"wp-block-image size-full\"><a href=\"https:\/\/www.spak.art.pl\/wp-content\/uploads\/2026\/02\/617571170_1773071033956255_3099913548081827824_n.jpg\"><img loading=\"lazy\" decoding=\"async\" width=\"1000\" height=\"750\" src=\"https:\/\/www.spak.art.pl\/wp-content\/uploads\/2026\/02\/617571170_1773071033956255_3099913548081827824_n.jpg\" alt=\"\" class=\"wp-image-9108\" srcset=\"https:\/\/www.spak.art.pl\/wp-content\/uploads\/2026\/02\/617571170_1773071033956255_3099913548081827824_n.jpg 1000w, https:\/\/www.spak.art.pl\/wp-content\/uploads\/2026\/02\/617571170_1773071033956255_3099913548081827824_n-300x225.jpg 300w, https:\/\/www.spak.art.pl\/wp-content\/uploads\/2026\/02\/617571170_1773071033956255_3099913548081827824_n-768x576.jpg 768w, https:\/\/www.spak.art.pl\/wp-content\/uploads\/2026\/02\/617571170_1773071033956255_3099913548081827824_n-533x400.jpg 533w, https:\/\/www.spak.art.pl\/wp-content\/uploads\/2026\/02\/617571170_1773071033956255_3099913548081827824_n-970x728.jpg 970w\" sizes=\"auto, (max-width: 1000px) 100vw, 1000px\" \/><\/a><\/figure>\n","protected":false},"excerpt":{"rendered":"<p>W sobotni wiecz\u00f3r, 31 stycznia 2026 roku, w Jaros\u0142awiu, odby\u0142o si\u0119 uroczyste otwarcie Galleria Della Satira u Attavantich, po\u0142\u0105czone z wernisa\u017cem wystawy Dariusza D\u0105browskiego Wydarzenie zainaugurowa\u0142o now\u0105 przestrze\u0144 po\u015bwi\u0119con\u0105 sztuce satyrycznej \u2014 inteligentnej, bezkompromisowej i celnie komentuj\u0105cej rzeczywisto\u015b\u0107. Podczas spotkania przypomniano tradycje jaros\u0142awskiej satyry, podkre\u015blaj\u0105c, \u017ce nowa galeria jest ich \u015bwiadom\u0105 kontynuacj\u0105. Przez wiele lat &hellip; <\/p>\n<p><a class=\"more-link btn\" href=\"https:\/\/www.spak.art.pl\/?p=9103\">Kontynuuj czytanie<\/a><\/p>\n","protected":false},"author":1,"featured_media":0,"comment_status":"closed","ping_status":"closed","sticky":false,"template":"","format":"standard","meta":{"ngg_post_thumbnail":0,"footnotes":""},"categories":[9],"tags":[],"class_list":["post-9103","post","type-post","status-publish","format-standard","hentry","category-aktualnosci","nodate","item-wrap"],"_links":{"self":[{"href":"https:\/\/www.spak.art.pl\/index.php?rest_route=\/wp\/v2\/posts\/9103","targetHints":{"allow":["GET"]}}],"collection":[{"href":"https:\/\/www.spak.art.pl\/index.php?rest_route=\/wp\/v2\/posts"}],"about":[{"href":"https:\/\/www.spak.art.pl\/index.php?rest_route=\/wp\/v2\/types\/post"}],"author":[{"embeddable":true,"href":"https:\/\/www.spak.art.pl\/index.php?rest_route=\/wp\/v2\/users\/1"}],"replies":[{"embeddable":true,"href":"https:\/\/www.spak.art.pl\/index.php?rest_route=%2Fwp%2Fv2%2Fcomments&post=9103"}],"version-history":[{"count":1,"href":"https:\/\/www.spak.art.pl\/index.php?rest_route=\/wp\/v2\/posts\/9103\/revisions"}],"predecessor-version":[{"id":9109,"href":"https:\/\/www.spak.art.pl\/index.php?rest_route=\/wp\/v2\/posts\/9103\/revisions\/9109"}],"wp:attachment":[{"href":"https:\/\/www.spak.art.pl\/index.php?rest_route=%2Fwp%2Fv2%2Fmedia&parent=9103"}],"wp:term":[{"taxonomy":"category","embeddable":true,"href":"https:\/\/www.spak.art.pl\/index.php?rest_route=%2Fwp%2Fv2%2Fcategories&post=9103"},{"taxonomy":"post_tag","embeddable":true,"href":"https:\/\/www.spak.art.pl\/index.php?rest_route=%2Fwp%2Fv2%2Ftags&post=9103"}],"curies":[{"name":"wp","href":"https:\/\/api.w.org\/{rel}","templated":true}]}}