{"id":9111,"date":"2026-02-10T07:14:51","date_gmt":"2026-02-10T07:14:51","guid":{"rendered":"https:\/\/www.spak.art.pl\/?p=9111"},"modified":"2026-02-10T07:14:52","modified_gmt":"2026-02-10T07:14:52","slug":"zbigniew-kolaczek-z-nagroda-ministra-kultury","status":"publish","type":"post","link":"https:\/\/www.spak.art.pl\/?p=9111","title":{"rendered":"Zbigniew Ko\u0142aczek z nagrod\u0105 ministra kultury"},"content":{"rendered":"\n<p>Szcz\u0119\u015bliwie zako\u0144czy\u0142 si\u0119 ubieg\u0142y rok dla \u017cyrardowskiego artysty Zbigniewa Ko\u0142aczka, kt\u00f3ry otrzyma\u0142 Nagrod\u0119 Ministra Kultury i Dziedzictwa Narodowego za osi\u0105gni\u0119cia artystyczne. Nagrod\u0119 przyznano z okazji 35-lecia pracy tw\u00f3rczej na wniosek Prezydenta Miasta \u017byrardowa Lucjana Krzysztofa Chrzanowskiego.<\/p>\n\n\n\n<p>Zbigniew Ko\u0142aczek studiowa\u0142 w warszawskiej Akademii Sztuk Pi\u0119knych na Wydziale Grafiki. W 1989 roku otrzyma\u0142 dyplom z wyr\u00f3\u017cnieniem w Pracowni Ilustracji Ksi\u0105\u017cki prowadzonej przez profesora Janusza Stannego. Jest ilustratorem, rysownikiem i pedagogiem.<\/p>\n\n\n\n<p>&nbsp;&nbsp;&nbsp;&nbsp; Swoje prace prezentowa\u0142 na wystawach zbiorowych w 60 krajach. Jest laureatem mi\u0119dzynarodowych konkurs\u00f3w w Polsce, S\u0142owacji, Tajwanie, Chinach, Macedonii, Korei, Indiach, Bo\u015bni i Hercegowinie, Rumunii, Luksemburgu, Filipinach, Chorwacji, Bu\u0142garii, Serbii i Egipcie. Mia\u0142 wystawy indywidualne w Polsce, Niemczech i Rumunii. W swojej tw\u00f3rczo\u015bci ch\u0119tnie podejmuje tematy i motywy zwi\u0105zane z rodzinnym miastem i jego niezwyk\u0142\u0105 industrialn\u0105 przesz\u0142o\u015bci\u0105.<\/p>\n\n\n\n<p>&nbsp;&nbsp;&nbsp;&nbsp; W roku 2022 otrzyma\u0142 Nagrod\u0119 Marsza\u0142ka Wojew\u00f3dztwa Mazowieckiego za ca\u0142okszta\u0142t tw\u00f3rczo\u015bci i promocj\u0119 polskiej sztuki w \u015bwiecie.<\/p>\n\n\n\n<p>&nbsp;&nbsp;&nbsp;&nbsp; Na co dzie\u0144 jest nauczycielem przedmiot\u00f3w zawodowych w Zespole Szk\u00f3\u0142 nr 1<\/p>\n\n\n\n<p>w \u017byrardowie, pracuje r\u00f3wnie\u017c w M\u0142odzie\u017cowym Domu Kultury w \u017byrardowie.<\/p>\n\n\n\n<figure class=\"wp-block-image size-large\"><a href=\"https:\/\/www.spak.art.pl\/wp-content\/uploads\/2026\/02\/Zbigniew-Kolaczek-z-Nagroda-MKiDN.jpg\"><img loading=\"lazy\" decoding=\"async\" width=\"1024\" height=\"749\" src=\"https:\/\/www.spak.art.pl\/wp-content\/uploads\/2026\/02\/Zbigniew-Kolaczek-z-Nagroda-MKiDN-1024x749.jpg\" alt=\"\" class=\"wp-image-9112\" srcset=\"https:\/\/www.spak.art.pl\/wp-content\/uploads\/2026\/02\/Zbigniew-Kolaczek-z-Nagroda-MKiDN-1024x749.jpg 1024w, https:\/\/www.spak.art.pl\/wp-content\/uploads\/2026\/02\/Zbigniew-Kolaczek-z-Nagroda-MKiDN-300x219.jpg 300w, https:\/\/www.spak.art.pl\/wp-content\/uploads\/2026\/02\/Zbigniew-Kolaczek-z-Nagroda-MKiDN-768x562.jpg 768w, https:\/\/www.spak.art.pl\/wp-content\/uploads\/2026\/02\/Zbigniew-Kolaczek-z-Nagroda-MKiDN-547x400.jpg 547w, https:\/\/www.spak.art.pl\/wp-content\/uploads\/2026\/02\/Zbigniew-Kolaczek-z-Nagroda-MKiDN-970x710.jpg 970w, https:\/\/www.spak.art.pl\/wp-content\/uploads\/2026\/02\/Zbigniew-Kolaczek-z-Nagroda-MKiDN.jpg 1367w\" sizes=\"auto, (max-width: 1024px) 100vw, 1024px\" \/><\/a><\/figure>\n\n\n\n<figure class=\"wp-block-image size-full\"><a href=\"https:\/\/www.spak.art.pl\/wp-content\/uploads\/2026\/02\/2025_Nagroda-MKiDN.jpg\"><img loading=\"lazy\" decoding=\"async\" width=\"707\" height=\"1000\" src=\"https:\/\/www.spak.art.pl\/wp-content\/uploads\/2026\/02\/2025_Nagroda-MKiDN.jpg\" alt=\"\" class=\"wp-image-9113\" srcset=\"https:\/\/www.spak.art.pl\/wp-content\/uploads\/2026\/02\/2025_Nagroda-MKiDN.jpg 707w, https:\/\/www.spak.art.pl\/wp-content\/uploads\/2026\/02\/2025_Nagroda-MKiDN-212x300.jpg 212w, https:\/\/www.spak.art.pl\/wp-content\/uploads\/2026\/02\/2025_Nagroda-MKiDN-283x400.jpg 283w\" sizes=\"auto, (max-width: 707px) 100vw, 707px\" \/><\/a><\/figure>\n\n\n\n<figure class=\"wp-block-image size-full\"><a href=\"https:\/\/www.spak.art.pl\/wp-content\/uploads\/2026\/02\/Zbigniew-Kolaczek_Alegoria-miasta-Zyrardowa.jpg\"><img loading=\"lazy\" decoding=\"async\" width=\"673\" height=\"1000\" src=\"https:\/\/www.spak.art.pl\/wp-content\/uploads\/2026\/02\/Zbigniew-Kolaczek_Alegoria-miasta-Zyrardowa.jpg\" alt=\"\" class=\"wp-image-9114\" srcset=\"https:\/\/www.spak.art.pl\/wp-content\/uploads\/2026\/02\/Zbigniew-Kolaczek_Alegoria-miasta-Zyrardowa.jpg 673w, https:\/\/www.spak.art.pl\/wp-content\/uploads\/2026\/02\/Zbigniew-Kolaczek_Alegoria-miasta-Zyrardowa-202x300.jpg 202w, https:\/\/www.spak.art.pl\/wp-content\/uploads\/2026\/02\/Zbigniew-Kolaczek_Alegoria-miasta-Zyrardowa-269x400.jpg 269w\" sizes=\"auto, (max-width: 673px) 100vw, 673px\" \/><\/a><\/figure>\n\n\n\n<p>Alegoria miasta \u017byrardowa<\/p>\n","protected":false},"excerpt":{"rendered":"<p>Szcz\u0119\u015bliwie zako\u0144czy\u0142 si\u0119 ubieg\u0142y rok dla \u017cyrardowskiego artysty Zbigniewa Ko\u0142aczka, kt\u00f3ry otrzyma\u0142 Nagrod\u0119 Ministra Kultury i Dziedzictwa Narodowego za osi\u0105gni\u0119cia artystyczne. Nagrod\u0119 przyznano z okazji 35-lecia pracy tw\u00f3rczej na wniosek Prezydenta Miasta \u017byrardowa Lucjana Krzysztofa Chrzanowskiego. Zbigniew Ko\u0142aczek studiowa\u0142 w warszawskiej Akademii Sztuk Pi\u0119knych na Wydziale Grafiki. W 1989 roku otrzyma\u0142 dyplom z wyr\u00f3\u017cnieniem w &hellip; <\/p>\n<p><a class=\"more-link btn\" href=\"https:\/\/www.spak.art.pl\/?p=9111\">Kontynuuj czytanie<\/a><\/p>\n","protected":false},"author":1,"featured_media":0,"comment_status":"closed","ping_status":"closed","sticky":false,"template":"","format":"standard","meta":{"ngg_post_thumbnail":0,"footnotes":""},"categories":[9],"tags":[],"class_list":["post-9111","post","type-post","status-publish","format-standard","hentry","category-aktualnosci","nodate","item-wrap"],"_links":{"self":[{"href":"https:\/\/www.spak.art.pl\/index.php?rest_route=\/wp\/v2\/posts\/9111","targetHints":{"allow":["GET"]}}],"collection":[{"href":"https:\/\/www.spak.art.pl\/index.php?rest_route=\/wp\/v2\/posts"}],"about":[{"href":"https:\/\/www.spak.art.pl\/index.php?rest_route=\/wp\/v2\/types\/post"}],"author":[{"embeddable":true,"href":"https:\/\/www.spak.art.pl\/index.php?rest_route=\/wp\/v2\/users\/1"}],"replies":[{"embeddable":true,"href":"https:\/\/www.spak.art.pl\/index.php?rest_route=%2Fwp%2Fv2%2Fcomments&post=9111"}],"version-history":[{"count":1,"href":"https:\/\/www.spak.art.pl\/index.php?rest_route=\/wp\/v2\/posts\/9111\/revisions"}],"predecessor-version":[{"id":9115,"href":"https:\/\/www.spak.art.pl\/index.php?rest_route=\/wp\/v2\/posts\/9111\/revisions\/9115"}],"wp:attachment":[{"href":"https:\/\/www.spak.art.pl\/index.php?rest_route=%2Fwp%2Fv2%2Fmedia&parent=9111"}],"wp:term":[{"taxonomy":"category","embeddable":true,"href":"https:\/\/www.spak.art.pl\/index.php?rest_route=%2Fwp%2Fv2%2Fcategories&post=9111"},{"taxonomy":"post_tag","embeddable":true,"href":"https:\/\/www.spak.art.pl\/index.php?rest_route=%2Fwp%2Fv2%2Ftags&post=9111"}],"curies":[{"name":"wp","href":"https:\/\/api.w.org\/{rel}","templated":true}]}}