{"id":9236,"date":"2026-04-29T06:51:04","date_gmt":"2026-04-29T06:51:04","guid":{"rendered":"https:\/\/www.spak.art.pl\/?p=9236"},"modified":"2026-04-29T06:52:37","modified_gmt":"2026-04-29T06:52:37","slug":"ostre-pioro-i-trafna-puenta-w-galerii-stary-ratusz","status":"publish","type":"post","link":"https:\/\/www.spak.art.pl\/?p=9236","title":{"rendered":"Ostre pi\u00f3ro i trafna puenta w Galerii Stary Ratusz"},"content":{"rendered":"\n<p>W poniedzia\u0142ek (27 kwietnia) olszty\u0144ska Galeria Stary Ratusz w Olsztynie wype\u0142ni\u0142a si\u0119 ci\u0119tym humorem i inteligentn\u0105 satyr\u0105. To w\u0142a\u015bnie tam odby\u0142 si\u0119 uroczysty wernisa\u017c wystawy pokonkursowej VIII Og\u00f3lnopolskiego Konkursu na Rysunek Prasowy im. Aleksandra Wo\u0142osa. Publiczno\u015b\u0107 mia\u0142a wyj\u0105tkow\u0105 okazj\u0119 zobaczy\u0107 przekr\u00f3j najlepszych polskich rysunk\u00f3w prasowych, kt\u00f3re w ci\u0105gu ostatniego roku najtrafniej komentowa\u0142y nasz\u0105 rzeczywisto\u015b\u0107. W tegorocznej edycji swoje si\u0142y zmierzy\u0142o a\u017c 67 karykaturzyst\u00f3w.<\/p>\n\n\n\n<p>G\u0142\u00f3wna nagroda pow\u0119drowa\u0142a w r\u0119ce Andrzeja Czyczy\u0142o. Zwyci\u0119\u017cy\u0142a jego praca opublikowana na \u0142amach tygodnika \u201eCzas na Opole\u201d. Rysunek przedstawia dw\u00f3ch jaskiniowc\u00f3w przy ognisku, z kt\u00f3rych jeden wyg\u0142asza gorzk\u0105 diagnoz\u0119: <em>&#8222;Zrozum wreszcie, musimy podzieli\u0107 si\u0119 na dwa plemiona, \u017ceby sta\u0107 si\u0119 narodem.&#8221; <\/em>&nbsp;To doskona\u0142y przyk\u0142ad b\u0142yskotliwej i niezwykle trafnej puenty, punktuj\u0105cej absurdy wsp\u00f3\u0142czesnej sytuacji politycznej.<\/p>\n\n\n\n<p>Wydarzenie by\u0142o r\u00f3wnie\u017c doskona\u0142\u0105 okazj\u0105 do wspomnienia patrona konkursu \u2013 znakomitego olszty\u0144skiego karykaturzysty, Aleksandra Wo\u0142osa. Organizatorzy przygotowali specjaln\u0105 gablot\u0119 z jego publikacjami oraz oddzieln\u0105 plansz\u0119 z pracami oddaj\u0105c tym samym ho\u0142d jego artystycznemu dorobkowi.<\/p>\n\n\n\n<p>Dla tych, kt\u00f3rzy nie dotarli na wernisa\u017c, mamy dobr\u0105 wiadomo\u015b\u0107. Wystaw\u0119 w Galerii Stary Ratusz mo\u017cna ogl\u0105da\u0107 do 13 maja.<\/p>\n\n\n\n<p>Olszty\u0144ska ekspozycja to zaledwie pocz\u0105tek. Wkr\u00f3tce najlepsze polskie rysunki prasowe rusz\u0105 w tourn\u00e9e po kolejnych miastach \u2013 zar\u00f3wno w naszym wojew\u00f3dztwie, jak i w ca\u0142ej Polsce.<\/p>\n\n\n\n<p>Organizatorem tego satyrycznego \u015bwi\u0119ta s\u0105 Warmi\u0144sko-Mazurski Oddzia\u0142 Stowarzyszenia Dziennikarzy Polskich oraz Wojew\u00f3dzka Biblioteka Publiczna w Olsztynie.<\/p>\n\n\n\n<p>Wi\u0119cej na stronie <a href=\"https:\/\/sdpolsztynpl.wordpress.com\/2026\/04\/28\/olsztyn-stolica-polskiej-satyry-prasowej\/\">https:\/\/sdpolsztynpl.wordpress.com\/2026\/04\/28\/olsztyn-stolica-polskiej-satyry-prasowej\/<\/a><\/p>\n\n\n\n<figure class=\"wp-block-image size-large\"><a href=\"https:\/\/www.spak.art.pl\/wp-content\/uploads\/2026\/04\/ok-26-1-rotated.jpg\"><img loading=\"lazy\" decoding=\"async\" width=\"682\" height=\"1024\" src=\"https:\/\/www.spak.art.pl\/wp-content\/uploads\/2026\/04\/ok-26-1-682x1024.jpg\" alt=\"\" class=\"wp-image-9237\" srcset=\"https:\/\/www.spak.art.pl\/wp-content\/uploads\/2026\/04\/ok-26-1-682x1024.jpg 682w, https:\/\/www.spak.art.pl\/wp-content\/uploads\/2026\/04\/ok-26-1-200x300.jpg 200w, https:\/\/www.spak.art.pl\/wp-content\/uploads\/2026\/04\/ok-26-1-768x1152.jpg 768w, https:\/\/www.spak.art.pl\/wp-content\/uploads\/2026\/04\/ok-26-1-267x400.jpg 267w, https:\/\/www.spak.art.pl\/wp-content\/uploads\/2026\/04\/ok-26-1-rotated.jpg 787w\" sizes=\"auto, (max-width: 682px) 100vw, 682px\" \/><\/a><\/figure>\n\n\n\n<figure class=\"wp-block-image size-large\"><a href=\"https:\/\/www.spak.art.pl\/wp-content\/uploads\/2026\/04\/ok-26-3.jpg\"><img loading=\"lazy\" decoding=\"async\" width=\"1024\" height=\"682\" src=\"https:\/\/www.spak.art.pl\/wp-content\/uploads\/2026\/04\/ok-26-3-1024x682.jpg\" alt=\"\" class=\"wp-image-9238\" srcset=\"https:\/\/www.spak.art.pl\/wp-content\/uploads\/2026\/04\/ok-26-3-1024x682.jpg 1024w, https:\/\/www.spak.art.pl\/wp-content\/uploads\/2026\/04\/ok-26-3-300x200.jpg 300w, https:\/\/www.spak.art.pl\/wp-content\/uploads\/2026\/04\/ok-26-3-768x512.jpg 768w, https:\/\/www.spak.art.pl\/wp-content\/uploads\/2026\/04\/ok-26-3-600x400.jpg 600w, https:\/\/www.spak.art.pl\/wp-content\/uploads\/2026\/04\/ok-26-3-970x646.jpg 970w, https:\/\/www.spak.art.pl\/wp-content\/uploads\/2026\/04\/ok-26-3.jpg 1181w\" sizes=\"auto, (max-width: 1024px) 100vw, 1024px\" \/><\/a><\/figure>\n\n\n\n<figure class=\"wp-block-image size-large\"><a href=\"https:\/\/www.spak.art.pl\/wp-content\/uploads\/2026\/04\/ok-26-7.jpg\"><img loading=\"lazy\" decoding=\"async\" width=\"1024\" height=\"682\" src=\"https:\/\/www.spak.art.pl\/wp-content\/uploads\/2026\/04\/ok-26-7-1024x682.jpg\" alt=\"\" class=\"wp-image-9239\" srcset=\"https:\/\/www.spak.art.pl\/wp-content\/uploads\/2026\/04\/ok-26-7-1024x682.jpg 1024w, https:\/\/www.spak.art.pl\/wp-content\/uploads\/2026\/04\/ok-26-7-300x200.jpg 300w, https:\/\/www.spak.art.pl\/wp-content\/uploads\/2026\/04\/ok-26-7-768x512.jpg 768w, https:\/\/www.spak.art.pl\/wp-content\/uploads\/2026\/04\/ok-26-7-600x400.jpg 600w, https:\/\/www.spak.art.pl\/wp-content\/uploads\/2026\/04\/ok-26-7-970x646.jpg 970w, https:\/\/www.spak.art.pl\/wp-content\/uploads\/2026\/04\/ok-26-7.jpg 1181w\" sizes=\"auto, (max-width: 1024px) 100vw, 1024px\" \/><\/a><\/figure>\n\n\n\n<figure class=\"wp-block-image size-large\"><a href=\"https:\/\/www.spak.art.pl\/wp-content\/uploads\/2026\/04\/ok-26-8.jpg\"><img loading=\"lazy\" decoding=\"async\" width=\"1024\" height=\"682\" src=\"https:\/\/www.spak.art.pl\/wp-content\/uploads\/2026\/04\/ok-26-8-1024x682.jpg\" alt=\"\" class=\"wp-image-9240\" srcset=\"https:\/\/www.spak.art.pl\/wp-content\/uploads\/2026\/04\/ok-26-8-1024x682.jpg 1024w, https:\/\/www.spak.art.pl\/wp-content\/uploads\/2026\/04\/ok-26-8-300x200.jpg 300w, https:\/\/www.spak.art.pl\/wp-content\/uploads\/2026\/04\/ok-26-8-768x512.jpg 768w, https:\/\/www.spak.art.pl\/wp-content\/uploads\/2026\/04\/ok-26-8-600x400.jpg 600w, https:\/\/www.spak.art.pl\/wp-content\/uploads\/2026\/04\/ok-26-8-970x646.jpg 970w, https:\/\/www.spak.art.pl\/wp-content\/uploads\/2026\/04\/ok-26-8.jpg 1181w\" sizes=\"auto, (max-width: 1024px) 100vw, 1024px\" \/><\/a><\/figure>\n\n\n\n<figure class=\"wp-block-image size-large\"><a href=\"https:\/\/www.spak.art.pl\/wp-content\/uploads\/2026\/04\/ok-26-10.jpg\"><img loading=\"lazy\" decoding=\"async\" width=\"1024\" height=\"682\" src=\"https:\/\/www.spak.art.pl\/wp-content\/uploads\/2026\/04\/ok-26-10-1024x682.jpg\" alt=\"\" class=\"wp-image-9241\" srcset=\"https:\/\/www.spak.art.pl\/wp-content\/uploads\/2026\/04\/ok-26-10-1024x682.jpg 1024w, https:\/\/www.spak.art.pl\/wp-content\/uploads\/2026\/04\/ok-26-10-300x200.jpg 300w, https:\/\/www.spak.art.pl\/wp-content\/uploads\/2026\/04\/ok-26-10-768x512.jpg 768w, https:\/\/www.spak.art.pl\/wp-content\/uploads\/2026\/04\/ok-26-10-600x400.jpg 600w, https:\/\/www.spak.art.pl\/wp-content\/uploads\/2026\/04\/ok-26-10-970x646.jpg 970w, https:\/\/www.spak.art.pl\/wp-content\/uploads\/2026\/04\/ok-26-10.jpg 1181w\" sizes=\"auto, (max-width: 1024px) 100vw, 1024px\" \/><\/a><\/figure>\n\n\n\n<figure class=\"wp-block-image size-large\"><a href=\"https:\/\/www.spak.art.pl\/wp-content\/uploads\/2026\/04\/ok-26-11.jpg\"><img loading=\"lazy\" decoding=\"async\" width=\"1024\" height=\"682\" src=\"https:\/\/www.spak.art.pl\/wp-content\/uploads\/2026\/04\/ok-26-11-1024x682.jpg\" alt=\"\" class=\"wp-image-9242\" srcset=\"https:\/\/www.spak.art.pl\/wp-content\/uploads\/2026\/04\/ok-26-11-1024x682.jpg 1024w, https:\/\/www.spak.art.pl\/wp-content\/uploads\/2026\/04\/ok-26-11-300x200.jpg 300w, https:\/\/www.spak.art.pl\/wp-content\/uploads\/2026\/04\/ok-26-11-768x512.jpg 768w, https:\/\/www.spak.art.pl\/wp-content\/uploads\/2026\/04\/ok-26-11-600x400.jpg 600w, https:\/\/www.spak.art.pl\/wp-content\/uploads\/2026\/04\/ok-26-11-970x646.jpg 970w, https:\/\/www.spak.art.pl\/wp-content\/uploads\/2026\/04\/ok-26-11.jpg 1181w\" sizes=\"auto, (max-width: 1024px) 100vw, 1024px\" \/><\/a><\/figure>\n\n\n\n<figure class=\"wp-block-image size-large\"><a href=\"https:\/\/www.spak.art.pl\/wp-content\/uploads\/2026\/04\/ok-26-12.jpg\"><img loading=\"lazy\" decoding=\"async\" width=\"1024\" height=\"682\" src=\"https:\/\/www.spak.art.pl\/wp-content\/uploads\/2026\/04\/ok-26-12-1024x682.jpg\" alt=\"\" class=\"wp-image-9243\" srcset=\"https:\/\/www.spak.art.pl\/wp-content\/uploads\/2026\/04\/ok-26-12-1024x682.jpg 1024w, https:\/\/www.spak.art.pl\/wp-content\/uploads\/2026\/04\/ok-26-12-300x200.jpg 300w, https:\/\/www.spak.art.pl\/wp-content\/uploads\/2026\/04\/ok-26-12-768x512.jpg 768w, https:\/\/www.spak.art.pl\/wp-content\/uploads\/2026\/04\/ok-26-12-600x400.jpg 600w, https:\/\/www.spak.art.pl\/wp-content\/uploads\/2026\/04\/ok-26-12-970x646.jpg 970w, https:\/\/www.spak.art.pl\/wp-content\/uploads\/2026\/04\/ok-26-12.jpg 1181w\" sizes=\"auto, (max-width: 1024px) 100vw, 1024px\" \/><\/a><\/figure>\n\n\n\n<figure class=\"wp-block-image size-large\"><a href=\"https:\/\/www.spak.art.pl\/wp-content\/uploads\/2026\/04\/ok-26-19.jpg\"><img loading=\"lazy\" decoding=\"async\" width=\"1024\" height=\"682\" src=\"https:\/\/www.spak.art.pl\/wp-content\/uploads\/2026\/04\/ok-26-19-1024x682.jpg\" alt=\"\" class=\"wp-image-9244\" srcset=\"https:\/\/www.spak.art.pl\/wp-content\/uploads\/2026\/04\/ok-26-19-1024x682.jpg 1024w, https:\/\/www.spak.art.pl\/wp-content\/uploads\/2026\/04\/ok-26-19-300x200.jpg 300w, https:\/\/www.spak.art.pl\/wp-content\/uploads\/2026\/04\/ok-26-19-768x512.jpg 768w, https:\/\/www.spak.art.pl\/wp-content\/uploads\/2026\/04\/ok-26-19-600x400.jpg 600w, https:\/\/www.spak.art.pl\/wp-content\/uploads\/2026\/04\/ok-26-19-970x646.jpg 970w, https:\/\/www.spak.art.pl\/wp-content\/uploads\/2026\/04\/ok-26-19.jpg 1181w\" sizes=\"auto, (max-width: 1024px) 100vw, 1024px\" \/><\/a><\/figure>\n\n\n\n<figure class=\"wp-block-image size-large\"><a href=\"https:\/\/www.spak.art.pl\/wp-content\/uploads\/2026\/04\/ok-26-18-rotated.jpg\"><img loading=\"lazy\" decoding=\"async\" width=\"682\" height=\"1024\" src=\"https:\/\/www.spak.art.pl\/wp-content\/uploads\/2026\/04\/ok-26-18-682x1024.jpg\" alt=\"\" class=\"wp-image-9245\" srcset=\"https:\/\/www.spak.art.pl\/wp-content\/uploads\/2026\/04\/ok-26-18-682x1024.jpg 682w, https:\/\/www.spak.art.pl\/wp-content\/uploads\/2026\/04\/ok-26-18-200x300.jpg 200w, https:\/\/www.spak.art.pl\/wp-content\/uploads\/2026\/04\/ok-26-18-768x1152.jpg 768w, https:\/\/www.spak.art.pl\/wp-content\/uploads\/2026\/04\/ok-26-18-267x400.jpg 267w, https:\/\/www.spak.art.pl\/wp-content\/uploads\/2026\/04\/ok-26-18-rotated.jpg 787w\" sizes=\"auto, (max-width: 682px) 100vw, 682px\" \/><\/a><\/figure>\n","protected":false},"excerpt":{"rendered":"<p>W poniedzia\u0142ek (27 kwietnia) olszty\u0144ska Galeria Stary Ratusz w Olsztynie wype\u0142ni\u0142a si\u0119 ci\u0119tym humorem i inteligentn\u0105 satyr\u0105. To w\u0142a\u015bnie tam odby\u0142 si\u0119 uroczysty wernisa\u017c wystawy pokonkursowej VIII Og\u00f3lnopolskiego Konkursu na Rysunek Prasowy im. Aleksandra Wo\u0142osa. Publiczno\u015b\u0107 mia\u0142a wyj\u0105tkow\u0105 okazj\u0119 zobaczy\u0107 przekr\u00f3j najlepszych polskich rysunk\u00f3w prasowych, kt\u00f3re w ci\u0105gu ostatniego roku najtrafniej komentowa\u0142y nasz\u0105 rzeczywisto\u015b\u0107. W &hellip; <\/p>\n<p><a class=\"more-link btn\" href=\"https:\/\/www.spak.art.pl\/?p=9236\">Kontynuuj czytanie<\/a><\/p>\n","protected":false},"author":1,"featured_media":0,"comment_status":"closed","ping_status":"closed","sticky":false,"template":"","format":"standard","meta":{"ngg_post_thumbnail":0,"footnotes":""},"categories":[9],"tags":[],"class_list":["post-9236","post","type-post","status-publish","format-standard","hentry","category-aktualnosci","nodate","item-wrap"],"_links":{"self":[{"href":"https:\/\/www.spak.art.pl\/index.php?rest_route=\/wp\/v2\/posts\/9236","targetHints":{"allow":["GET"]}}],"collection":[{"href":"https:\/\/www.spak.art.pl\/index.php?rest_route=\/wp\/v2\/posts"}],"about":[{"href":"https:\/\/www.spak.art.pl\/index.php?rest_route=\/wp\/v2\/types\/post"}],"author":[{"embeddable":true,"href":"https:\/\/www.spak.art.pl\/index.php?rest_route=\/wp\/v2\/users\/1"}],"replies":[{"embeddable":true,"href":"https:\/\/www.spak.art.pl\/index.php?rest_route=%2Fwp%2Fv2%2Fcomments&post=9236"}],"version-history":[{"count":2,"href":"https:\/\/www.spak.art.pl\/index.php?rest_route=\/wp\/v2\/posts\/9236\/revisions"}],"predecessor-version":[{"id":9248,"href":"https:\/\/www.spak.art.pl\/index.php?rest_route=\/wp\/v2\/posts\/9236\/revisions\/9248"}],"wp:attachment":[{"href":"https:\/\/www.spak.art.pl\/index.php?rest_route=%2Fwp%2Fv2%2Fmedia&parent=9236"}],"wp:term":[{"taxonomy":"category","embeddable":true,"href":"https:\/\/www.spak.art.pl\/index.php?rest_route=%2Fwp%2Fv2%2Fcategories&post=9236"},{"taxonomy":"post_tag","embeddable":true,"href":"https:\/\/www.spak.art.pl\/index.php?rest_route=%2Fwp%2Fv2%2Ftags&post=9236"}],"curies":[{"name":"wp","href":"https:\/\/api.w.org\/{rel}","templated":true}]}}